{"id":97885,"date":"2022-09-01T15:06:29","date_gmt":"2022-09-01T18:06:29","guid":{"rendered":"https:\/\/tvtecjundiai.com.br\/news\/?p=97885"},"modified":"2022-09-01T15:06:34","modified_gmt":"2022-09-01T18:06:34","slug":"sexta-no-centro-abre-a-programacao-cultural-de-setembro-na-cidade","status":"publish","type":"post","link":"https:\/\/tvtecjundiai.com.br\/news\/2022\/09\/01\/sexta-no-centro-abre-a-programacao-cultural-de-setembro-na-cidade\/","title":{"rendered":"&#8216;Sexta no Centro&#8217; abre a programa\u00e7\u00e3o cultural de setembro na cidade"},"content":{"rendered":"\n<p>A primeira sexta-feira de setembro (02), ser\u00e1 bem movimentada na \u00e1rea central da cidade. Das 16h \u00e0s 22h, o p\u00fablico poder\u00e1 conferir as atra\u00e7\u00f5es programadas pelo Departamento de Cultura, para o palco da pra\u00e7a Marechal Floriano Peixoto \u2013 Coreto, da a\u00e7\u00e3o \u201cSexta no Centro\u201d, uma parceria das Unidades de Gest\u00e3o de Cultura (UGC) e de Agroneg\u00f3cio, Abastecimento e Turismo (UGAAT) e que nesta edi\u00e7\u00e3o tem o apoio da Assessoria de Pol\u00edticas para Diversidade Sexual.<\/p>\n\n\n\n<p>O p\u00fablico ter\u00e1 a oportunidade de assistir as apresenta\u00e7\u00f5es musicais dentro da programa\u00e7\u00e3o da \u201cSexta no Centro\u201d e, ainda desfrutar do espa\u00e7o gastron\u00f4mico, sob a responsabilidade dos permission\u00e1rios dos varej\u00f5es noturnos, assim como, conhecer o artesanato diversificado produzido pelos integrantes do Projeto Jundia\u00ed Feito \u00e0 M\u00e3o.<\/p>\n\n\n\n<figure class=\"wp-block-image size-large\"><img loading=\"lazy\" decoding=\"async\" width=\"1200\" height=\"800\" src=\"https:\/\/tvtecjundiai.com.br\/news\/wp-content\/uploads\/sites\/2\/2022\/09\/sexta-no-centro_luta-antimanicomial-127-1200x800.jpg\" alt=\"\" class=\"wp-image-97887\" srcset=\"https:\/\/tvtecjundiai.com.br\/news\/wp-content\/uploads\/sites\/2\/2022\/09\/sexta-no-centro_luta-antimanicomial-127-1200x800.jpg 1200w, https:\/\/tvtecjundiai.com.br\/news\/wp-content\/uploads\/sites\/2\/2022\/09\/sexta-no-centro_luta-antimanicomial-127-300x200.jpg 300w, https:\/\/tvtecjundiai.com.br\/news\/wp-content\/uploads\/sites\/2\/2022\/09\/sexta-no-centro_luta-antimanicomial-127-768x512.jpg 768w, https:\/\/tvtecjundiai.com.br\/news\/wp-content\/uploads\/sites\/2\/2022\/09\/sexta-no-centro_luta-antimanicomial-127.jpg 1280w\" sizes=\"auto, (max-width: 1200px) 100vw, 1200px\" \/><figcaption>Na pra\u00e7a do Coreto, a \u201cSexta no Centro\u201d tem programa\u00e7\u00e3o para toda a fam\u00edlia<\/figcaption><\/figure>\n\n\n\n<p>Na abertura da programa\u00e7\u00e3o \u00e0s 16h, DJ Vive Almeida apresenta sets com hits para cantar e dan\u00e7ar, mesclando sons e estilos, transformando a pra\u00e7a numa grande pista, onde a variedade de sons estar\u00e3o presentes e os sucessos que marcaram \u00e9poca. Uma apresenta\u00e7\u00e3o que promete empolgar a plateia.<\/p>\n\n\n\n<figure class=\"wp-block-image size-full\"><img loading=\"lazy\" decoding=\"async\" width=\"987\" height=\"599\" src=\"https:\/\/tvtecjundiai.com.br\/news\/wp-content\/uploads\/sites\/2\/2022\/09\/sexta-no-centroo.jpg\" alt=\"\" class=\"wp-image-97888\" srcset=\"https:\/\/tvtecjundiai.com.br\/news\/wp-content\/uploads\/sites\/2\/2022\/09\/sexta-no-centroo.jpg 987w, https:\/\/tvtecjundiai.com.br\/news\/wp-content\/uploads\/sites\/2\/2022\/09\/sexta-no-centroo-300x182.jpg 300w, https:\/\/tvtecjundiai.com.br\/news\/wp-content\/uploads\/sites\/2\/2022\/09\/sexta-no-centroo-768x466.jpg 768w\" sizes=\"auto, (max-width: 987px) 100vw, 987px\" \/><\/figure>\n\n\n\n<p>\u00c0s 17h30 o palco ser\u00e1 comandado pela dupla Ana e Lunny com um repert\u00f3rio mesclado de sucessos da MPB de diversos estilos. Um show onde as interpreta\u00e7\u00f5es da dupla s\u00e3o sempre o ponto alto, j\u00e1 que a voz marcante de Ana ganha colorido especial com a participa\u00e7\u00e3o de Lunny. A proposta \u00e9 interagir com o p\u00fablico durante toda a apresenta\u00e7\u00e3o.<\/p>\n\n\n\n<p>Com o show \u201cDo Tamanho da Amizade\u201d, Betho Silva chega \u00e0s 19h30 acompanhado dos m\u00fasicos Antunes Nasser (viola e voz), Claudinei Duran (viol\u00e3o 7 cordas e guitarra) e Ra\u00fal Gonzalo (viol\u00e3o e voz) para apresentar um \u201cabra\u00e7o musical\u201d reunindo no repert\u00f3rio sucessos da M\u00fasica Popular Brasileira (MPB), m\u00fasicas autorais e m\u00fasicas da cultura latina, tudo junto e bem misturado como determina a miscigenada e diversa alma brasileira, um encontro entre os m\u00fasicos e p\u00fablico, numa apresenta\u00e7\u00e3o bem interativa.<\/p>\n\n\n\n<figure class=\"wp-block-image size-full\"><img loading=\"lazy\" decoding=\"async\" width=\"1024\" height=\"768\" src=\"https:\/\/tvtecjundiai.com.br\/news\/wp-content\/uploads\/sites\/2\/2022\/09\/beto-silva-1.jpeg\" alt=\"\" class=\"wp-image-97889\" srcset=\"https:\/\/tvtecjundiai.com.br\/news\/wp-content\/uploads\/sites\/2\/2022\/09\/beto-silva-1.jpeg 1024w, https:\/\/tvtecjundiai.com.br\/news\/wp-content\/uploads\/sites\/2\/2022\/09\/beto-silva-1-300x225.jpeg 300w, https:\/\/tvtecjundiai.com.br\/news\/wp-content\/uploads\/sites\/2\/2022\/09\/beto-silva-1-768x576.jpeg 768w\" sizes=\"auto, (max-width: 1024px) 100vw, 1024px\" \/><figcaption>Betho Silva e amigos num show com MPB e m\u00fasica latina<\/figcaption><\/figure>\n\n\n\n<p>Para o encerramento, \u00e0s 21h, a apresenta\u00e7\u00e3o de Manas em Roda, um grupo formado por mulheres de diferentes idades e contextos sociais, que estuda g\u00eaneros musicais da cultura popular brasileira, como o samba, o coco, o samba reggae e outros ritmos. Sempre propondo a experi\u00eancia de cantar e tocar em roda, trocando saberes e afetos a partir de repert\u00f3rios autorais e refer\u00eancias da m\u00fasica brasileira.<\/p>\n\n\n\n<p>Manas em Roda atua desde 2017 em Jundia\u00ed e regi\u00e3o em eventos, pra\u00e7as, bares, casas particulares e festivais de arte com a caracter\u00edstica de abrir a roda para o p\u00fablico poder participar e trazer sua contribui\u00e7\u00e3o.<\/p>\n\n\n\n<p><em><strong>(Fonte: Prefeitura de Jundia\u00ed\/Imagens: Prefeitura de Jundia\u00ed e Divulga\u00e7\u00e3o)<\/strong><\/em><\/p>\n","protected":false},"excerpt":{"rendered":"<p>O p\u00fablico poder\u00e1 assistir apresenta\u00e7\u00f5es musicais e desfrutar do espa\u00e7o gastron\u00f4mico<\/p>\n","protected":false},"author":30,"featured_media":97887,"comment_status":"closed","ping_status":"0","sticky":false,"template":"","format":"standard","meta":{"footnotes":""},"categories":[2833,8356,8354,1],"tags":[],"class_list":["post-97885","post","type-post","status-publish","format-standard","has-post-thumbnail","hentry","category-cultura","category-jundiai","category-lazer","category-noticias"],"_links":{"self":[{"href":"https:\/\/tvtecjundiai.com.br\/news\/wp-json\/wp\/v2\/posts\/97885","targetHints":{"allow":["GET"]}}],"collection":[{"href":"https:\/\/tvtecjundiai.com.br\/news\/wp-json\/wp\/v2\/posts"}],"about":[{"href":"https:\/\/tvtecjundiai.com.br\/news\/wp-json\/wp\/v2\/types\/post"}],"author":[{"embeddable":true,"href":"https:\/\/tvtecjundiai.com.br\/news\/wp-json\/wp\/v2\/users\/30"}],"replies":[{"embeddable":true,"href":"https:\/\/tvtecjundiai.com.br\/news\/wp-json\/wp\/v2\/comments?post=97885"}],"version-history":[{"count":1,"href":"https:\/\/tvtecjundiai.com.br\/news\/wp-json\/wp\/v2\/posts\/97885\/revisions"}],"predecessor-version":[{"id":97890,"href":"https:\/\/tvtecjundiai.com.br\/news\/wp-json\/wp\/v2\/posts\/97885\/revisions\/97890"}],"wp:featuredmedia":[{"embeddable":true,"href":"https:\/\/tvtecjundiai.com.br\/news\/wp-json\/wp\/v2\/media\/97887"}],"wp:attachment":[{"href":"https:\/\/tvtecjundiai.com.br\/news\/wp-json\/wp\/v2\/media?parent=97885"}],"wp:term":[{"taxonomy":"category","embeddable":true,"href":"https:\/\/tvtecjundiai.com.br\/news\/wp-json\/wp\/v2\/categories?post=97885"},{"taxonomy":"post_tag","embeddable":true,"href":"https:\/\/tvtecjundiai.com.br\/news\/wp-json\/wp\/v2\/tags?post=97885"}],"curies":[{"name":"wp","href":"https:\/\/api.w.org\/{rel}","templated":true}]}}