{"id":97891,"date":"2022-09-01T15:10:53","date_gmt":"2022-09-01T18:10:53","guid":{"rendered":"https:\/\/tvtecjundiai.com.br\/news\/?p=97891"},"modified":"2022-09-01T15:10:54","modified_gmt":"2022-09-01T18:10:54","slug":"xii-cavalgada-do-circuito-das-frutas-fomenta-o-turismo-rural-e-retoma-a-tradicao-tropeira","status":"publish","type":"post","link":"https:\/\/tvtecjundiai.com.br\/news\/2022\/09\/01\/xii-cavalgada-do-circuito-das-frutas-fomenta-o-turismo-rural-e-retoma-a-tradicao-tropeira\/","title":{"rendered":"\u2018XII Cavalgada do Circuito das Frutas\u2019 fomenta o turismo rural e retoma a tradi\u00e7\u00e3o tropeira"},"content":{"rendered":"\n<p>Com o foco em resgatar a tradi\u00e7\u00e3o tropeira, o Cons\u00f3rcio Intermunicipal para Desenvolvimento do Polo Tur\u00edstico do Circuito das Frutas ir\u00e1 promover, no pr\u00f3ximo s\u00e1bado (3), a XII Cavalgada do Circuito das Frutas, que passar\u00e1 por Jundia\u00ed, Itatiba e Jarinu fomentando todas as atividades relacionadas aos neg\u00f3cios dos cavalos e ao Circuito das Frutas.<\/p>\n\n\n\n<p>\u201cO setor do agroneg\u00f3cio n\u00e3o produz apenas alimentos, mas sob a \u00f3tica de uma agricultura sustent\u00e1vel, produz tamb\u00e9m \u00e1gua pot\u00e1vel, ar puro, beleza c\u00eanica, seguran\u00e7a alimentar, preserva\u00e7\u00e3o hist\u00f3rico-cultural etc. Paralelamente \u00e0 promo\u00e7\u00e3o da fruticultura o evento tamb\u00e9m dever\u00e1 buscar o resgate cultural da regi\u00e3o e do tropeirismo, incentivando os empreendimentos rurais e toda a cadeia ligada ao neg\u00f3cio do cavalo, atividade que pode ser uma alternativa para viabilizar economicamente as pequenas propriedades da regi\u00e3o\u201d, afirma o gestor da Unidade de Gest\u00e3o de Agroneg\u00f3cio, Abastecimento e Turismo, Eduardo Alvarez.<\/p>\n\n\n\n<p>\u201cO incentivo a esses pequenos empreendedores rurais e o resgate daqueles desmotivados \u00e9 de fundamental import\u00e2ncia para melhoria da qualidade de vida em toda regi\u00e3o do Circuito das Frutas Paulista\u201d, afirma Isabel Harder, diretora do Departamento de Agroneg\u00f3cios de Jundia\u00ed.<\/p>\n\n\n\n<p>Ser\u00e1 oferecido caf\u00e9 da manh\u00e3 a partir das 8h, e no retorno ser\u00e1 servido o almo\u00e7o. O valor da inscri\u00e7\u00e3o, que d\u00e1 direito a uma camiseta, al\u00e9m do caf\u00e9 da manh\u00e3 e almo\u00e7o, \u00e9 de R$ 100. Mais de 350 inscri\u00e7\u00f5es j\u00e1 foram realizadas.<\/p>\n\n\n<div class=\"wp-block-image\">\n<figure class=\"aligncenter size-full\"><img loading=\"lazy\" decoding=\"async\" width=\"770\" height=\"606\" src=\"https:\/\/tvtecjundiai.com.br\/news\/wp-content\/uploads\/sites\/2\/2022\/09\/94426bfb-c2ea-43fb-8564-2c9c1b71c1dd.jpg\" alt=\"\" class=\"wp-image-97894\" srcset=\"https:\/\/tvtecjundiai.com.br\/news\/wp-content\/uploads\/sites\/2\/2022\/09\/94426bfb-c2ea-43fb-8564-2c9c1b71c1dd.jpg 770w, https:\/\/tvtecjundiai.com.br\/news\/wp-content\/uploads\/sites\/2\/2022\/09\/94426bfb-c2ea-43fb-8564-2c9c1b71c1dd-300x236.jpg 300w, https:\/\/tvtecjundiai.com.br\/news\/wp-content\/uploads\/sites\/2\/2022\/09\/94426bfb-c2ea-43fb-8564-2c9c1b71c1dd-768x604.jpg 768w\" sizes=\"auto, (max-width: 770px) 100vw, 770px\" \/><figcaption>Cavalgada re\u00fane cavaleiros para reascender a tradi\u00e7\u00e3o tropeira<\/figcaption><\/figure>\n<\/div>\n\n\n<p><strong>O percurso<\/strong><\/p>\n\n\n\n<p>A cavalgada passar\u00e1 por tr\u00eas munic\u00edpios mostrando \u00e1reas de produ\u00e7\u00e3o de frutas, gr\u00e3os e pecu\u00e1ria. O ponto de partida ser\u00e1 o Bar do Mingo (localizado na Av. Jo\u00e3o Batista Spiandorelo, 4195 \u2013 Bairro da Roseira, em Jundia\u00ed), e o percurso seguir\u00e1 no sentido Itatiba, descendo pela estrada Jo\u00e3o Bulgarelli (bairro Morro Azul), e subindo na estrada Em\u00edlio Ferrarezi, chegando na estrada Lu\u00eds Comin, em Jarinu. Na volta, o caminho passa pelo bairro Olaria, tamb\u00e9m em Jarinu, com cavalgada por dentro de duas propriedades, e desce at\u00e9 o bar do Mingo novamente.<\/p>\n\n\n\n<p><strong>Hist\u00f3rico<\/strong><\/p>\n\n\n\n<p>A primeira cavalgada com essas caracter\u00edsticas ocorreu em outubro de 2009 e contou com aproximadamente 150 cavaleiros. Em 2010, na sua 2\u00aa edi\u00e7\u00e3o, a Cavalgada saiu do Munic\u00edpio de Vinhedo, passou por Louveira e terminou em Itatiba, j\u00e1 atraindo aproximadamente 500 pessoas entre cavaleiros e equipes de apoio que al\u00e9m das paisagens exuberantes, puderam assistir a diversas apresenta\u00e7\u00f5es culturais.<\/p>\n\n\n\n<p>De 2011 a 2019 os trajetos se alternaram, mas a ess\u00eancia da proposta, a organiza\u00e7\u00e3o e o n\u00famero de participantes se mantiveram, contribuindo para visualiza\u00e7\u00e3o e o fortalecimento da regi\u00e3o do Circuito das Frutas Paulista como polo produtor de frutas de qualidade e destino tur\u00edstico rural. Com a pandemia o evento n\u00e3o foi realizado em 2020 e 2021.<\/p>\n\n\n\n<p>Para mais informa\u00e7\u00f5es entrar em contato pelos telefones 4589-8872 ou 4589-8793.<\/p>\n\n\n\n<p><em><strong>(Fonte: Prefeitura de Jundia\u00ed\/Imagem: Divulga\u00e7\u00e3o)<\/strong><\/em><\/p>\n","protected":false},"excerpt":{"rendered":"<p>Cavalgada do Circuito das Frutas passar\u00e1 pelas cidades de Jundia\u00ed, Itatiba e Jarinu<\/p>\n","protected":false},"author":30,"featured_media":97894,"comment_status":"closed","ping_status":"0","sticky":false,"template":"","format":"standard","meta":{"footnotes":""},"categories":[8356,1,2825],"tags":[],"class_list":["post-97891","post","type-post","status-publish","format-standard","has-post-thumbnail","hentry","category-jundiai","category-noticias","category-turismo"],"_links":{"self":[{"href":"https:\/\/tvtecjundiai.com.br\/news\/wp-json\/wp\/v2\/posts\/97891","targetHints":{"allow":["GET"]}}],"collection":[{"href":"https:\/\/tvtecjundiai.com.br\/news\/wp-json\/wp\/v2\/posts"}],"about":[{"href":"https:\/\/tvtecjundiai.com.br\/news\/wp-json\/wp\/v2\/types\/post"}],"author":[{"embeddable":true,"href":"https:\/\/tvtecjundiai.com.br\/news\/wp-json\/wp\/v2\/users\/30"}],"replies":[{"embeddable":true,"href":"https:\/\/tvtecjundiai.com.br\/news\/wp-json\/wp\/v2\/comments?post=97891"}],"version-history":[{"count":1,"href":"https:\/\/tvtecjundiai.com.br\/news\/wp-json\/wp\/v2\/posts\/97891\/revisions"}],"predecessor-version":[{"id":97896,"href":"https:\/\/tvtecjundiai.com.br\/news\/wp-json\/wp\/v2\/posts\/97891\/revisions\/97896"}],"wp:featuredmedia":[{"embeddable":true,"href":"https:\/\/tvtecjundiai.com.br\/news\/wp-json\/wp\/v2\/media\/97894"}],"wp:attachment":[{"href":"https:\/\/tvtecjundiai.com.br\/news\/wp-json\/wp\/v2\/media?parent=97891"}],"wp:term":[{"taxonomy":"category","embeddable":true,"href":"https:\/\/tvtecjundiai.com.br\/news\/wp-json\/wp\/v2\/categories?post=97891"},{"taxonomy":"post_tag","embeddable":true,"href":"https:\/\/tvtecjundiai.com.br\/news\/wp-json\/wp\/v2\/tags?post=97891"}],"curies":[{"name":"wp","href":"https:\/\/api.w.org\/{rel}","templated":true}]}}