{"id":97899,"date":"2022-09-01T15:20:37","date_gmt":"2022-09-01T18:20:37","guid":{"rendered":"https:\/\/tvtecjundiai.com.br\/news\/?p=97899"},"modified":"2022-09-02T09:27:30","modified_gmt":"2022-09-02T12:27:30","slug":"curso-de-iniciacao-a-costura-criativa-tera-pre-inscricao-nesta-sexta-21","status":"publish","type":"post","link":"https:\/\/tvtecjundiai.com.br\/news\/2022\/09\/01\/curso-de-iniciacao-a-costura-criativa-tera-pre-inscricao-nesta-sexta-21\/","title":{"rendered":"Curso de Inicia\u00e7\u00e3o \u00e0 Costura Criativa pelo Fundo Social de Solidariedade ter\u00e1 pr\u00e9-inscri\u00e7\u00e3o nesta sexta (2)"},"content":{"rendered":"\n<p>Nesta sexta-feira (02), \u00e0s 9h, o Fundo Social de Solidariedade de Jundia\u00ed (Funss) abrir\u00e1 pr\u00e9-inscri\u00e7\u00e3o para o curso de Inicia\u00e7\u00e3o \u00e0 Costura Criativa. A capacita\u00e7\u00e3o de n\u00edvel b\u00e1sico ser\u00e1 voltada para pessoas que n\u00e3o sabem costurar. Durante as aulas, os alunos aprender\u00e3o a confeccionar aventais, toalhas de rosto, guardanapos e necessaire, entre outras pe\u00e7as pequenas.<\/p>\n\n\n\n<p>Ao todo, ser\u00e3o disponibilizadas 10 vagas para&nbsp;homens e mulheres, com idade m\u00ednima de 16 anos, residentes em Jundia\u00ed e com Ensino Fundamental completo. Para participar, o interessado dever\u00e1 acessar o link e preencher o Formul\u00e1rio Google.&nbsp;O crit\u00e9rio de sele\u00e7\u00e3o e forma\u00e7\u00e3o das turmas \u00e9 a ordem de envio destas informa\u00e7\u00f5es, cujo sistema considera hora, minuto e segundo.<\/p>\n\n\n\n<p><strong>Confira mais informa\u00e7\u00f5es, abaixo:<\/strong><\/p>\n\n\n<div class=\"wp-block-image\">\n<figure class=\"aligncenter size-large is-resized\"><img loading=\"lazy\" decoding=\"async\" src=\"https:\/\/tvtecjundiai.com.br\/news\/wp-content\/uploads\/sites\/2\/2022\/09\/iniciacao-a-costura-criativa-1-1200x800.jpg\" alt=\"\" class=\"wp-image-97900\" width=\"666\" height=\"444\" srcset=\"https:\/\/tvtecjundiai.com.br\/news\/wp-content\/uploads\/sites\/2\/2022\/09\/iniciacao-a-costura-criativa-1-1200x800.jpg 1200w, https:\/\/tvtecjundiai.com.br\/news\/wp-content\/uploads\/sites\/2\/2022\/09\/iniciacao-a-costura-criativa-1-300x200.jpg 300w, https:\/\/tvtecjundiai.com.br\/news\/wp-content\/uploads\/sites\/2\/2022\/09\/iniciacao-a-costura-criativa-1-768x512.jpg 768w, https:\/\/tvtecjundiai.com.br\/news\/wp-content\/uploads\/sites\/2\/2022\/09\/iniciacao-a-costura-criativa-1.jpg 1280w\" sizes=\"auto, (max-width: 666px) 100vw, 666px\" \/><\/figure>\n<\/div>\n\n\n<p><strong>Curso de Inicia\u00e7\u00e3o \u00e0 costura criativa<\/strong><\/p>\n\n\n\n<p>N\u00ba de vagas: 10<\/p>\n\n\n\n<p>Quantidade de aula: 8<\/p>\n\n\n\n<p>Data: 08\/09 a 27\/10<\/p>\n\n\n\n<p>Aulas sempre \u00e0s quintas-feiras<\/p>\n\n\n\n<p>Hor\u00e1rio: das 13h \u00e0s 17h<\/p>\n\n\n\n<p>Carga hor\u00e1ria: 32 horas<\/p>\n\n\n\n<p>Local:&nbsp;Fundo Social \u2013 Av. Dona Manoela Lacerda de Vergueiro, s\/n \u2013 Port\u00e3o 3 \u2013 Anexo ao Parque da Uva \u2013 Bairro Anhangaba\u00fa<\/p>\n\n\n\n<p>Link para inscri\u00e7\u00e3o:&nbsp;<a href=\"https:\/\/forms.gle\/gVGm52sKqTvEh6e36\" target=\"_blank\" rel=\"noreferrer noopener\">https:\/\/forms.gle\/gVGm52sKqTvEh6e36<\/a><\/p>\n\n\n\n<p>Aos alunos contemplados com vagas gratuitas ser\u00e3o repassados dados detalhados por meio do contato de WhatsApp informado no ato da pr\u00e9-inscri\u00e7\u00e3o. As fichas n\u00e3o contempladas est\u00e3o, automaticamente, na lista de espera e poder\u00e3o ser convocadas em caso de desist\u00eancia.<\/p>\n\n\n\n<p>O endere\u00e7o do Fundo Social \u00e9 o Parque da Uva. O acesso \u00e9 pela avenida Dona Manoela Lacerda de Vergueiro, s\/n, port\u00e3o 03, bairro Anhangaba\u00fa. O funcionamento da unidade \u00e9 de segunda a sexta-feira, das 8h \u00e0s 17h, exceto feriados. Informa\u00e7\u00f5es pelos telefones (11) 4589-6319, 4589-6320, 4589-6322.<\/p>\n\n\n\n<p><strong><em>(Fonte\/Imagem: Prefeitura de Jundia\u00ed)<\/em><\/strong><\/p>\n","protected":false},"excerpt":{"rendered":"<p>A capacita\u00e7\u00e3o de n\u00edvel b\u00e1sico ser\u00e1 voltada para pessoas que n\u00e3o sabem costurar<\/p>\n","protected":false},"author":30,"featured_media":97900,"comment_status":"closed","ping_status":"0","sticky":false,"template":"","format":"standard","meta":{"footnotes":""},"categories":[8356,1],"tags":[],"class_list":["post-97899","post","type-post","status-publish","format-standard","has-post-thumbnail","hentry","category-jundiai","category-noticias"],"_links":{"self":[{"href":"https:\/\/tvtecjundiai.com.br\/news\/wp-json\/wp\/v2\/posts\/97899","targetHints":{"allow":["GET"]}}],"collection":[{"href":"https:\/\/tvtecjundiai.com.br\/news\/wp-json\/wp\/v2\/posts"}],"about":[{"href":"https:\/\/tvtecjundiai.com.br\/news\/wp-json\/wp\/v2\/types\/post"}],"author":[{"embeddable":true,"href":"https:\/\/tvtecjundiai.com.br\/news\/wp-json\/wp\/v2\/users\/30"}],"replies":[{"embeddable":true,"href":"https:\/\/tvtecjundiai.com.br\/news\/wp-json\/wp\/v2\/comments?post=97899"}],"version-history":[{"count":2,"href":"https:\/\/tvtecjundiai.com.br\/news\/wp-json\/wp\/v2\/posts\/97899\/revisions"}],"predecessor-version":[{"id":97909,"href":"https:\/\/tvtecjundiai.com.br\/news\/wp-json\/wp\/v2\/posts\/97899\/revisions\/97909"}],"wp:featuredmedia":[{"embeddable":true,"href":"https:\/\/tvtecjundiai.com.br\/news\/wp-json\/wp\/v2\/media\/97900"}],"wp:attachment":[{"href":"https:\/\/tvtecjundiai.com.br\/news\/wp-json\/wp\/v2\/media?parent=97899"}],"wp:term":[{"taxonomy":"category","embeddable":true,"href":"https:\/\/tvtecjundiai.com.br\/news\/wp-json\/wp\/v2\/categories?post=97899"},{"taxonomy":"post_tag","embeddable":true,"href":"https:\/\/tvtecjundiai.com.br\/news\/wp-json\/wp\/v2\/tags?post=97899"}],"curies":[{"name":"wp","href":"https:\/\/api.w.org\/{rel}","templated":true}]}}