{"id":97902,"date":"2022-09-02T08:58:09","date_gmt":"2022-09-02T11:58:09","guid":{"rendered":"https:\/\/tvtecjundiai.com.br\/news\/?p=97902"},"modified":"2022-09-02T08:58:48","modified_gmt":"2022-09-02T11:58:48","slug":"pinacoteca-recebe-mostra-da-artista-bella-tozini","status":"publish","type":"post","link":"https:\/\/tvtecjundiai.com.br\/news\/2022\/09\/02\/pinacoteca-recebe-mostra-da-artista-bella-tozini\/","title":{"rendered":"Pinacoteca recebe mostra da artista Bella Tozini"},"content":{"rendered":"\n<p>A Unidade de Gest\u00e3o de Cultura (UGC), por meio da Pinacoteca Municipal Di\u00f3genes Duarte Paes promove nesta quinta-feira (01), \u00e0s 19h, a vernissage da exposi\u00e7\u00e3o \u201cCorpes Prov\u00e1veis\u201d, da artista Bella Tozini, que chega em Jundia\u00ed por meio do Programa de A\u00e7\u00e3o Cultural \u2013 ProAc, da Secretaria de Cultura e Economia Criativa do Estado de S\u00e3o Paulo.<\/p>\n\n\n\n<p>A mostra que tem curadoria de Sylvia Furegatti, \u00e9 composta de pain\u00e9is fotogr\u00e1ficos e poder\u00e1 ser visitada at\u00e9 o dia 25 de setembro, sempre de ter\u00e7a a domingo, das 10h \u00e0s 17h, inclusive aos feriados, com entrada gratuita. A classifica\u00e7\u00e3o indicativa \u00e9 de 16 anos.<\/p>\n\n\n<div class=\"wp-block-image\">\n<figure class=\"aligncenter size-large is-resized\"><img loading=\"lazy\" decoding=\"async\" src=\"https:\/\/tvtecjundiai.com.br\/news\/wp-content\/uploads\/sites\/2\/2022\/09\/pinacoteca-2-1200x800.jpg\" alt=\"\" class=\"wp-image-97903\" width=\"726\" height=\"484\" srcset=\"https:\/\/tvtecjundiai.com.br\/news\/wp-content\/uploads\/sites\/2\/2022\/09\/pinacoteca-2-1200x800.jpg 1200w, https:\/\/tvtecjundiai.com.br\/news\/wp-content\/uploads\/sites\/2\/2022\/09\/pinacoteca-2-300x200.jpg 300w, https:\/\/tvtecjundiai.com.br\/news\/wp-content\/uploads\/sites\/2\/2022\/09\/pinacoteca-2-768x512.jpg 768w, https:\/\/tvtecjundiai.com.br\/news\/wp-content\/uploads\/sites\/2\/2022\/09\/pinacoteca-2.jpg 1280w\" sizes=\"auto, (max-width: 726px) 100vw, 726px\" \/><\/figure>\n<\/div>\n\n\n<p>\u201cCorpes Prov\u00e1veis\u201d re\u00fane retratos de pessoas da comunidade LGBTQIA+ com express\u00f5es dissidentes, em seus momentos mais privados e ocasionalmente vulner\u00e1veis, muitas vezes em espa\u00e7os dom\u00e9sticos. A dissid\u00eancia aqui n\u00e3o \u00e9 entendida apenas como tema, mas como processo, como gatilho que desencadeia uma busca e um caminho est\u00e9tico, em que pol\u00edtica e arte se confundem e transbordam em modos de composi\u00e7\u00e3o testemunhal e confessional na fotografia.<\/p>\n\n\n\n<p>A artista traz hist\u00f3rias de pessoas que enfrentam profundamente a exclus\u00e3o estrutural, a discrimina\u00e7\u00e3o e a marginaliza\u00e7\u00e3o na sociedade brasileira. Entendendo-os como uma interface pol\u00edtica, cujas experi\u00eancias vividas existem nos complexos cruzamentos de identidade de g\u00eanero, idade, ra\u00e7a, formas corporais, sexualidade, classe socioecon\u00f4mica e localiza\u00e7\u00e3o geogr\u00e1fica.<\/p>\n\n\n\n<p><em><strong>(Fonte\/Imagem: Prefeitura de Jundia\u00ed)<\/strong><\/em><\/p>\n","protected":false},"excerpt":{"rendered":"<p>Exposi\u00e7\u00e3o \u201cCorpes Prov\u00e1veis\u201d re\u00fane retratos de pessoas da comunidade LGBTQIA+<\/p>\n","protected":false},"author":30,"featured_media":97903,"comment_status":"closed","ping_status":"0","sticky":false,"template":"","format":"standard","meta":{"footnotes":""},"categories":[2833,8356,1],"tags":[],"class_list":["post-97902","post","type-post","status-publish","format-standard","has-post-thumbnail","hentry","category-cultura","category-jundiai","category-noticias"],"_links":{"self":[{"href":"https:\/\/tvtecjundiai.com.br\/news\/wp-json\/wp\/v2\/posts\/97902","targetHints":{"allow":["GET"]}}],"collection":[{"href":"https:\/\/tvtecjundiai.com.br\/news\/wp-json\/wp\/v2\/posts"}],"about":[{"href":"https:\/\/tvtecjundiai.com.br\/news\/wp-json\/wp\/v2\/types\/post"}],"author":[{"embeddable":true,"href":"https:\/\/tvtecjundiai.com.br\/news\/wp-json\/wp\/v2\/users\/30"}],"replies":[{"embeddable":true,"href":"https:\/\/tvtecjundiai.com.br\/news\/wp-json\/wp\/v2\/comments?post=97902"}],"version-history":[{"count":2,"href":"https:\/\/tvtecjundiai.com.br\/news\/wp-json\/wp\/v2\/posts\/97902\/revisions"}],"predecessor-version":[{"id":97905,"href":"https:\/\/tvtecjundiai.com.br\/news\/wp-json\/wp\/v2\/posts\/97902\/revisions\/97905"}],"wp:featuredmedia":[{"embeddable":true,"href":"https:\/\/tvtecjundiai.com.br\/news\/wp-json\/wp\/v2\/media\/97903"}],"wp:attachment":[{"href":"https:\/\/tvtecjundiai.com.br\/news\/wp-json\/wp\/v2\/media?parent=97902"}],"wp:term":[{"taxonomy":"category","embeddable":true,"href":"https:\/\/tvtecjundiai.com.br\/news\/wp-json\/wp\/v2\/categories?post=97902"},{"taxonomy":"post_tag","embeddable":true,"href":"https:\/\/tvtecjundiai.com.br\/news\/wp-json\/wp\/v2\/tags?post=97902"}],"curies":[{"name":"wp","href":"https:\/\/api.w.org\/{rel}","templated":true}]}}