{"id":97919,"date":"2022-09-02T11:59:27","date_gmt":"2022-09-02T14:59:27","guid":{"rendered":"https:\/\/tvtecjundiai.com.br\/news\/?p=97919"},"modified":"2022-09-02T11:59:28","modified_gmt":"2022-09-02T14:59:28","slug":"atacadao-esta-com-vagas-de-emprego-abertas-em-jundiai","status":"publish","type":"post","link":"https:\/\/tvtecjundiai.com.br\/news\/2022\/09\/02\/atacadao-esta-com-vagas-de-emprego-abertas-em-jundiai\/","title":{"rendered":"Atacad\u00e3o est\u00e1 com vagas de emprego abertas em Jundia\u00ed"},"content":{"rendered":"\n<p>A rede atacadista Atacad\u00e3o S\/A, que tem mais de 250 lojas e 60.000 colaboradores em todo o Brasil, est\u00e1 com vagas de emprego abertas em Jundia\u00ed. As oportunidades s\u00e3o para repositor de mercadorias, vendedor em com\u00e9rcio atacadista e fiscal de preven\u00e7\u00e3o de perdas.<\/p>\n\n\n\n<p>Os interessados podem se inscrever de maneira online pelo <a href=\"https:\/\/web.jundiai.sp.gov.br\/PMJ\/emprega\/Vaga#\" data-type=\"URL\" data-id=\"https:\/\/web.jundiai.sp.gov.br\/PMJ\/emprega\/Vaga#\">portal Jundia\u00ed Empreendedora<\/a>, da Prefeitura de Jundia\u00ed.<\/p>\n\n\n<div class=\"wp-block-image\">\n<figure class=\"aligncenter size-large is-resized\"><img loading=\"lazy\" decoding=\"async\" src=\"https:\/\/tvtecjundiai.com.br\/news\/wp-content\/uploads\/sites\/2\/2022\/09\/Loja-do-Grupo-Atacadao-Fonte-Mercado-e-Consumo-1200x773.jpg\" alt=\"\" class=\"wp-image-97920\" width=\"704\" height=\"453\" srcset=\"https:\/\/tvtecjundiai.com.br\/news\/wp-content\/uploads\/sites\/2\/2022\/09\/Loja-do-Grupo-Atacadao-Fonte-Mercado-e-Consumo-1200x773.jpg 1200w, https:\/\/tvtecjundiai.com.br\/news\/wp-content\/uploads\/sites\/2\/2022\/09\/Loja-do-Grupo-Atacadao-Fonte-Mercado-e-Consumo-300x193.jpg 300w, https:\/\/tvtecjundiai.com.br\/news\/wp-content\/uploads\/sites\/2\/2022\/09\/Loja-do-Grupo-Atacadao-Fonte-Mercado-e-Consumo-768x494.jpg 768w, https:\/\/tvtecjundiai.com.br\/news\/wp-content\/uploads\/sites\/2\/2022\/09\/Loja-do-Grupo-Atacadao-Fonte-Mercado-e-Consumo.jpg 1280w\" sizes=\"auto, (max-width: 704px) 100vw, 704px\" \/><\/figure>\n<\/div>\n\n\n<p><strong>Repositor de mercadorias \u2013 4 vagas<\/strong><\/p>\n\n\n\n<p><em>Descri\u00e7\u00e3o da vaga<\/em><\/p>\n\n\n\n<p>Respons\u00e1vel pelo abastecimento de mercadorias na \u00e1rea de venda, acompanhando o fluxo de sa\u00edda e requisitando junto \u00e0 lideran\u00e7a o necess\u00e1rio para manter o abastecimento de todas os produtos expostos. Reabastecer a \u00e1rea de venda com as mercadorias devolvidas ou abdicadas pelos clientes.<\/p>\n\n\n\n<p><em>Requisitos<\/em><\/p>\n\n\n\n<ul class=\"wp-block-list\"><li>Ensino m\u00e9dio completo<\/li><\/ul>\n\n\n\n<p><strong>Vendedor em com\u00e9rcio atacadista \u2013 1 vaga<\/strong><\/p>\n\n\n\n<p><em>Descri\u00e7\u00e3o da vaga<\/em><\/p>\n\n\n\n<p>Respons\u00e1vel pela prospec\u00e7\u00e3o de clientes, atendimento e vendas do Cart\u00e3o Atacad\u00e3o, produtos e servi\u00e7os.<\/p>\n\n\n\n<p><em>Requisitos<\/em><\/p>\n\n\n\n<ul class=\"wp-block-list\"><li>Ensino m\u00e9dio completo<\/li><\/ul>\n\n\n\n<p><strong>Fiscal de preven\u00e7\u00e3o de perdas &#8211; 2 vagas<\/strong><\/p>\n\n\n\n<p><em>Descri\u00e7\u00e3o da vaga<\/em><\/p>\n\n\n\n<p>Respons\u00e1vel por acompanhar a abertura e fechamento da loja, realizando ronda interna e externa em todos os setores da unidade, inibindo a\u00e7\u00f5es de furto, desvio e avaria de mercadorias; organizar a entrada e sa\u00edda de ve\u00edculos no estacionamento para acompanhamento das movimenta\u00e7\u00f5es no ambiente.<\/p>\n\n\n\n<p><em>Requisitos<\/em><\/p>\n\n\n\n<ul class=\"wp-block-list\"><li>Ensino m\u00e9dio completo<\/li><\/ul>\n\n\n\n<p><strong><em>(Fonte: TVTEC Jundia\u00ed\/Imagem: Divulga\u00e7\u00e3o Atacad\u00e3o)<\/em><\/strong><\/p>\n","protected":false},"excerpt":{"rendered":"<p>Os interessados podem se inscrever de maneira online pelo portal Jundia\u00ed Empreendedora<\/p>\n","protected":false},"author":30,"featured_media":97920,"comment_status":"closed","ping_status":"0","sticky":false,"template":"","format":"standard","meta":{"footnotes":""},"categories":[5038,8363,8356,1],"tags":[],"class_list":["post-97919","post","type-post","status-publish","format-standard","has-post-thumbnail","hentry","category-emprego","category-emprego-2","category-jundiai","category-noticias"],"_links":{"self":[{"href":"https:\/\/tvtecjundiai.com.br\/news\/wp-json\/wp\/v2\/posts\/97919","targetHints":{"allow":["GET"]}}],"collection":[{"href":"https:\/\/tvtecjundiai.com.br\/news\/wp-json\/wp\/v2\/posts"}],"about":[{"href":"https:\/\/tvtecjundiai.com.br\/news\/wp-json\/wp\/v2\/types\/post"}],"author":[{"embeddable":true,"href":"https:\/\/tvtecjundiai.com.br\/news\/wp-json\/wp\/v2\/users\/30"}],"replies":[{"embeddable":true,"href":"https:\/\/tvtecjundiai.com.br\/news\/wp-json\/wp\/v2\/comments?post=97919"}],"version-history":[{"count":1,"href":"https:\/\/tvtecjundiai.com.br\/news\/wp-json\/wp\/v2\/posts\/97919\/revisions"}],"predecessor-version":[{"id":97921,"href":"https:\/\/tvtecjundiai.com.br\/news\/wp-json\/wp\/v2\/posts\/97919\/revisions\/97921"}],"wp:featuredmedia":[{"embeddable":true,"href":"https:\/\/tvtecjundiai.com.br\/news\/wp-json\/wp\/v2\/media\/97920"}],"wp:attachment":[{"href":"https:\/\/tvtecjundiai.com.br\/news\/wp-json\/wp\/v2\/media?parent=97919"}],"wp:term":[{"taxonomy":"category","embeddable":true,"href":"https:\/\/tvtecjundiai.com.br\/news\/wp-json\/wp\/v2\/categories?post=97919"},{"taxonomy":"post_tag","embeddable":true,"href":"https:\/\/tvtecjundiai.com.br\/news\/wp-json\/wp\/v2\/tags?post=97919"}],"curies":[{"name":"wp","href":"https:\/\/api.w.org\/{rel}","templated":true}]}}