{"id":97922,"date":"2022-09-05T08:45:00","date_gmt":"2022-09-05T11:45:00","guid":{"rendered":"https:\/\/tvtecjundiai.com.br\/news\/?p=97922"},"modified":"2022-09-05T14:41:42","modified_gmt":"2022-09-05T17:41:42","slug":"aumente-as-vendas-na-internet-com-novo-curso-gratuito-de-live-shopping-oferecido-pela-tvtec","status":"publish","type":"post","link":"https:\/\/tvtecjundiai.com.br\/news\/2022\/09\/05\/aumente-as-vendas-na-internet-com-novo-curso-gratuito-de-live-shopping-oferecido-pela-tvtec\/","title":{"rendered":"Aumente as vendas na internet com novo curso gratuito de Live Shopping oferecido pela TVTEC"},"content":{"rendered":"\n<p>Sabia que existe uma nova modalidade de vendas pela internet, chamada <em>Live Shopping<\/em>? Venha descobrir como este m\u00e9todo est\u00e1 revolucionando o mercado digital, com o novo curso gratuito da Prefeitura de Jundia\u00ed e a TVTEC, que ser\u00e1 realizado virtualmente no pr\u00f3ximo dia 14 de setembro.<\/p>\n\n\n\n<p>A respons\u00e1vel por ministrar essa aula \u00e9 a jornalista Moniele Nogueira. \u201c\u00c9 incr\u00edvel poder particionar das capacita\u00e7\u00f5es da Escola de Inova\u00e7\u00e3o, Coisas e Neg\u00f3cios. Saber que fa\u00e7o parte de um grupo de profissionais que est\u00e3o unidos com o \u00fanico prop\u00f3sito de colaborar no avan\u00e7o profissional das pessoas \u00e9 motivador. As aulas s\u00e3o elaboradas e pensadas para oferecer conte\u00fado rico e profundo\u201d, comenta a professora.<\/p>\n\n\n\n<figure class=\"wp-block-image size-large\"><img loading=\"lazy\" decoding=\"async\" width=\"1200\" height=\"800\" src=\"https:\/\/tvtecjundiai.com.br\/news\/wp-content\/uploads\/sites\/2\/2022\/09\/2022.04.06_Gravacao-com-Celular-David-Cassolato_Baixa_26-1200x800.jpg\" alt=\"\" class=\"wp-image-97923\" srcset=\"https:\/\/tvtecjundiai.com.br\/news\/wp-content\/uploads\/sites\/2\/2022\/09\/2022.04.06_Gravacao-com-Celular-David-Cassolato_Baixa_26-1200x800.jpg 1200w, https:\/\/tvtecjundiai.com.br\/news\/wp-content\/uploads\/sites\/2\/2022\/09\/2022.04.06_Gravacao-com-Celular-David-Cassolato_Baixa_26-300x200.jpg 300w, https:\/\/tvtecjundiai.com.br\/news\/wp-content\/uploads\/sites\/2\/2022\/09\/2022.04.06_Gravacao-com-Celular-David-Cassolato_Baixa_26-768x512.jpg 768w, https:\/\/tvtecjundiai.com.br\/news\/wp-content\/uploads\/sites\/2\/2022\/09\/2022.04.06_Gravacao-com-Celular-David-Cassolato_Baixa_26.jpg 1280w\" sizes=\"auto, (max-width: 1200px) 100vw, 1200px\" \/><figcaption>Por conta do feriado, as inscri\u00e7\u00f5es abrem excepcionalmente na ter\u00e7a-feira, 06, para sete cursos gratuitos<\/figcaption><\/figure>\n\n\n\n<p>Por conta do feriado da independ\u00eancia, que ser\u00e1 em uma quarta-feira, as inscri\u00e7\u00f5es abrem no <a href=\"https:\/\/tvtecjundiai.com.br\/inscricoes-cursos-jundiai\/\" data-type=\"URL\" data-id=\"https:\/\/tvtecjundiai.com.br\/inscricoes-cursos-jundiai\/\">site da TVTEC Jundia\u00ed<\/a> um dia antes, ter\u00e7a-feira (06), ao meio-dia. Na data tamb\u00e9m ser\u00e3o ofertados: <em>Gest\u00e3o de Tempo e Produtividade<\/em>, <em>Roteiro para produ\u00e7\u00e3o de v\u00eddeo<\/em>, <em>Planejamento para m\u00eddias sociais<\/em>, <em>Aul\u00e3o de Reels<\/em>, <em>Fotografia de Rua<\/em> e <em>Planejamento fotogr\u00e1fico<\/em>.<\/p>\n\n\n\n<p>A participa\u00e7\u00e3o \u00e9 aberta ao p\u00fablico geral e tem idade m\u00ednima de 16 anos. A Escola de Inova\u00e7\u00e3o, Coisas e Neg\u00f3cios informa que o aluno que se inscrever nos cursos e n\u00e3o comparecer sem apresentar justificativa em 24 horas antes de seu in\u00edcio ser\u00e1 impedido de participar dos cursos gratuitos pelo prazo de 30 dias.<\/p>\n\n\n\n<p>Confira a programa\u00e7\u00e3o:<\/p>\n\n\n\n<p><strong>GEST\u00c3O DE TEMPO E PRODUTIVIDADE<\/strong><br><em>Gerencie melhor o seu tempo e suas atividades di\u00e1rias. Utilizando o Trello voc\u00ea vai desenvolver a capacidade de racioc\u00ednio com uma metodologia pr\u00e1tica que incentiva o crescimento pessoal.<\/em><br>Professor: Bruno Lan\u00e7oni<br>Modalidade: <strong>online<\/strong><br>Dias: <strong>12 e 14\/09<\/strong><br>Hor\u00e1rio: <strong>14h \u00e0s 16h<\/strong><\/p>\n\n\n\n<p><strong>ROTEIRO PARA PRODU\u00c7\u00c3O DE V\u00cdDEO<\/strong><br><em>D\u00ea vida \u00e0s suas ideias. Um bom v\u00eddeo precisa de um bom planejamento e, no audiovisual, tudo come\u00e7a pelo roteiro. Obtenha resultados que v\u00e3o te impressionar.<\/em><br>Professor: Silvio Rom\u00e3o<br>Modalidade: <strong>online<\/strong><br>Dias: <strong>13 e 14\/09<\/strong><br>Hor\u00e1rio: <strong>19h \u00e0s 21h30<\/strong><\/p>\n\n\n\n<p><strong>LIVE SHOPPING<\/strong><br><em>Inove e venda online por meio de uma Live Shopping. Aprenda a estruturar uma LIVE e anuncie seus produtos online, com informa\u00e7\u00f5es sobre oferta, pre\u00e7o e condi\u00e7\u00f5es de pagamento.<\/em><br>Professora: Moniele Nogueira<br>Modalidade: <strong>online<\/strong><br>Dias: <strong>14\/09<\/strong><br>Hor\u00e1rio: <strong>09h \u00e0s 12h00<\/strong><\/p>\n\n\n\n<p><strong>PLANEJAMENTO PARA M\u00cdDIAS SOCIAIS<\/strong><br><em>O sucesso das suas redes come\u00e7a aqui. Aprenda a planejar o conte\u00fado digital de redes sociais, blogs e sites &#8211; estruturando sua comunica\u00e7\u00e3o no ambiente virtual e atingindo seu p\u00fablico.<\/em><br>Professora: Mariana Munarolo<br>Modalidade: <strong>online<\/strong><br>Dias: <strong>15\/09<\/strong><br>Hor\u00e1rio: <strong>14h \u00e0s 18h00<\/strong><\/p>\n\n\n\n<p><strong>FOTOGRAFIA DE RUA<\/strong><br><em>Aprenda como registrar cen\u00e1rios abertos, com movimenta\u00e7\u00e3o e diversos elementos em cena. Como construir uma boa foto, como garantir visibilidade e foco.<\/em><br>Professora: Grace Sanches<br>Modalidade: <strong>presencial<\/strong><br>Dias: <strong>15\/09<\/strong><br>Hor\u00e1rio: <strong>19h \u00e0s 22h00<\/strong><\/p>\n\n\n\n<p><strong>AUL\u00c3O DE REELS<\/strong><br><em>Uma excelente oportunidade para aumentar o seu alcance. Curso com foco na cria\u00e7\u00e3o de roteiros e conte\u00fados curtos em v\u00eddeo, planejamento de marketing e integra\u00e7\u00e3o com outras plataformas.<\/em><br>Professor: Anderson Muller<br>Modalidade: <strong>presencial<\/strong><br>Dias: <strong>15\/09<\/strong><br>Hor\u00e1rio: <strong>19h \u00e0s 22h00<\/strong><\/p>\n\n\n\n<p><strong>PLANEJAMENTO FOTOGR\u00c1FICO<\/strong><br><em>A import\u00e2ncia do planejamento fotogr\u00e1fico. Neste curso o foco principal \u00e9 a obten\u00e7\u00e3o de melhores resultados em sua sess\u00e3o ou evento, com o planejamento fotogr\u00e1fico.<\/em><br>Professor: Lucas Casale<br>Modalidade: <strong>online<\/strong><br>Dias: <strong>19\/09<\/strong><br>Hor\u00e1rio: <strong>19h \u00e0s 22h00<\/strong><\/p>\n","protected":false},"excerpt":{"rendered":"<p>Inscri\u00e7\u00f5es abrem na pr\u00f3xima ter\u00e7a-feira, 06, para sete cursos gratuitos<\/p>\n","protected":false},"author":17,"featured_media":97923,"comment_status":"closed","ping_status":"0","sticky":false,"template":"","format":"standard","meta":{"footnotes":""},"categories":[8356,1],"tags":[],"class_list":["post-97922","post","type-post","status-publish","format-standard","has-post-thumbnail","hentry","category-jundiai","category-noticias"],"_links":{"self":[{"href":"https:\/\/tvtecjundiai.com.br\/news\/wp-json\/wp\/v2\/posts\/97922","targetHints":{"allow":["GET"]}}],"collection":[{"href":"https:\/\/tvtecjundiai.com.br\/news\/wp-json\/wp\/v2\/posts"}],"about":[{"href":"https:\/\/tvtecjundiai.com.br\/news\/wp-json\/wp\/v2\/types\/post"}],"author":[{"embeddable":true,"href":"https:\/\/tvtecjundiai.com.br\/news\/wp-json\/wp\/v2\/users\/17"}],"replies":[{"embeddable":true,"href":"https:\/\/tvtecjundiai.com.br\/news\/wp-json\/wp\/v2\/comments?post=97922"}],"version-history":[{"count":3,"href":"https:\/\/tvtecjundiai.com.br\/news\/wp-json\/wp\/v2\/posts\/97922\/revisions"}],"predecessor-version":[{"id":98022,"href":"https:\/\/tvtecjundiai.com.br\/news\/wp-json\/wp\/v2\/posts\/97922\/revisions\/98022"}],"wp:featuredmedia":[{"embeddable":true,"href":"https:\/\/tvtecjundiai.com.br\/news\/wp-json\/wp\/v2\/media\/97923"}],"wp:attachment":[{"href":"https:\/\/tvtecjundiai.com.br\/news\/wp-json\/wp\/v2\/media?parent=97922"}],"wp:term":[{"taxonomy":"category","embeddable":true,"href":"https:\/\/tvtecjundiai.com.br\/news\/wp-json\/wp\/v2\/categories?post=97922"},{"taxonomy":"post_tag","embeddable":true,"href":"https:\/\/tvtecjundiai.com.br\/news\/wp-json\/wp\/v2\/tags?post=97922"}],"curies":[{"name":"wp","href":"https:\/\/api.w.org\/{rel}","templated":true}]}}