{"id":97927,"date":"2022-09-03T08:30:00","date_gmt":"2022-09-03T11:30:00","guid":{"rendered":"https:\/\/tvtecjundiai.com.br\/news\/?p=97927"},"modified":"2022-09-02T12:49:33","modified_gmt":"2022-09-02T15:49:33","slug":"explore-o-conteudo-de-sua-marca-com-o-aulao-de-reels-da-tvtec-jundiai","status":"publish","type":"post","link":"https:\/\/tvtecjundiai.com.br\/news\/2022\/09\/03\/explore-o-conteudo-de-sua-marca-com-o-aulao-de-reels-da-tvtec-jundiai\/","title":{"rendered":"Explore o conte\u00fado de sua marca com o Aul\u00e3o de Reels da TVTEC Jundia\u00ed"},"content":{"rendered":"\n<p>Conquistar engajamento tem sido uma das principais metas di\u00e1rias para criadores de conte\u00fado nas redes sociais. Para quem precisa e quer fazer seu perfil ter destaque entre a concorr\u00eancia com v\u00eddeos que conquistem o p\u00fablico, a Prefeitura de Jundia\u00ed vai oferecer 30 vagas gratuitas para o <em>Aul\u00e3o de Reels<\/em>, diretamente dos est\u00fadios da TVTEC Jundia\u00ed.<\/p>\n\n\n\n<figure class=\"wp-block-image size-large\"><img loading=\"lazy\" decoding=\"async\" width=\"1200\" height=\"800\" src=\"https:\/\/tvtecjundiai.com.br\/news\/wp-content\/uploads\/sites\/2\/2022\/09\/Aulao-de-Reels_01-1200x800.png\" alt=\"\" class=\"wp-image-97928\" srcset=\"https:\/\/tvtecjundiai.com.br\/news\/wp-content\/uploads\/sites\/2\/2022\/09\/Aulao-de-Reels_01-1200x800.png 1200w, https:\/\/tvtecjundiai.com.br\/news\/wp-content\/uploads\/sites\/2\/2022\/09\/Aulao-de-Reels_01-300x200.png 300w, https:\/\/tvtecjundiai.com.br\/news\/wp-content\/uploads\/sites\/2\/2022\/09\/Aulao-de-Reels_01-768x512.png 768w, https:\/\/tvtecjundiai.com.br\/news\/wp-content\/uploads\/sites\/2\/2022\/09\/Aulao-de-Reels_01.png 1280w\" sizes=\"auto, (max-width: 1200px) 100vw, 1200px\" \/><figcaption>Oferecidas pela Prefeitura de Jundia\u00ed, as inscri\u00e7\u00f5es abrem na ter\u00e7a-feira, 06, para sete cursos gratuitos<\/figcaption><\/figure>\n\n\n\n<p>Outro destaque da segunda semana de setembro \u00e9 <em>Live Shopping<\/em>, com a jornalista Moniele Nogueira. \u201cLive Shopping \u00e9 uma a\u00e7\u00e3o pouco explorada no Brasil, mas sucesso internacional. Na China empresas esgotam estoques em horas com este tipo de a\u00e7\u00e3o. Vamos aprender o que \u00e9, como fazer e poder tirar o melhor proveito desta a\u00e7\u00e3o de marketing que pode garantir engajamento e&nbsp; vendas\u201d, explica a tamb\u00e9m professora.<\/p>\n\n\n\n<p>Al\u00e9m destas capacita\u00e7\u00f5es, tamb\u00e9m ser\u00e3o ofertados: <em>Gest\u00e3o de Tempo e Produtividade<\/em>, <em>Roteiro para produ\u00e7\u00e3o de v\u00eddeo<\/em>, <em>Planejamento para m\u00eddias sociais<\/em>, <em>Fotografia de Rua<\/em> e <em>Planejamento fotogr\u00e1fico<\/em>.<\/p>\n\n\n\n<p>Por conta do feriado da independ\u00eancia, que ser\u00e1 em uma quarta-feira, as inscri\u00e7\u00f5es abrem no <a href=\"https:\/\/tvtecjundiai.com.br\/inscricoes-cursos-jundiai\/\" data-type=\"URL\" data-id=\"https:\/\/tvtecjundiai.com.br\/inscricoes-cursos-jundiai\/\">site da TVTEC Jundia\u00ed<\/a> um dia antes, ter\u00e7a-feira (06), ao meio-dia. A participa\u00e7\u00e3o \u00e9 aberta ao p\u00fablico geral e tem idade m\u00ednima de 16 anos. A Escola de Inova\u00e7\u00e3o, Coisas e Neg\u00f3cios informa que o aluno que se inscrever nos cursos e n\u00e3o comparecer sem apresentar justificativa em 24 horas antes de seu in\u00edcio ser\u00e1 impedido de participar dos cursos gratuitos pelo prazo de 30 dias.<\/p>\n\n\n\n<p>Confira a programa\u00e7\u00e3o:<\/p>\n\n\n\n<p><strong>GEST\u00c3O DE TEMPO E PRODUTIVIDADE<\/strong><br><em>Gerencie melhor o seu tempo e suas atividades di\u00e1rias. Utilizando o Trello voc\u00ea vai desenvolver a capacidade de racioc\u00ednio com uma metodologia pr\u00e1tica que incentiva o crescimento pessoal.<\/em><br>Professor: Bruno Lan\u00e7oni<br>Modalidade: <strong>online<\/strong><br>Dias: <strong>12 e 14\/09<\/strong><br>Hor\u00e1rio: <strong>14h \u00e0s 16h<\/strong><\/p>\n\n\n\n<p><strong>ROTEIRO PARA PRODU\u00c7\u00c3O DE V\u00cdDEO<\/strong><br><em>D\u00ea vida \u00e0s suas ideias. Um bom v\u00eddeo precisa de um bom planejamento e, no audiovisual, tudo come\u00e7a pelo roteiro. Obtenha resultados que v\u00e3o te impressionar.<\/em><br>Professor: Silvio Rom\u00e3o<br>Modalidade: <strong>online<\/strong><br>Dias: <strong>13 e 14\/09<\/strong><br>Hor\u00e1rio: <strong>19h \u00e0s 21h30<\/strong><\/p>\n\n\n\n<p><strong>LIVE SHOPPING<\/strong><br><em>Inove e venda online por meio de uma Live Shopping. Aprenda a estruturar uma LIVE e anuncie seus produtos online, com informa\u00e7\u00f5es sobre oferta, pre\u00e7o e condi\u00e7\u00f5es de pagamento.<\/em><br>Professora: Moniele Nogueira<br>Modalidade: <strong>online<\/strong><br>Dias: <strong>14\/09<\/strong><br>Hor\u00e1rio: <strong>09h \u00e0s 12h00<\/strong><\/p>\n\n\n\n<p><strong>PLANEJAMENTO PARA M\u00cdDIAS SOCIAIS<\/strong><br><em>O sucesso das suas redes come\u00e7a aqui. Aprenda a planejar o conte\u00fado digital de redes sociais, blogs e sites &#8211; estruturando sua comunica\u00e7\u00e3o no ambiente virtual e atingindo seu p\u00fablico.<\/em><br>Professora: Mariana Munarolo<br>Modalidade: <strong>online<\/strong><br>Dias: <strong>15\/09<\/strong><br>Hor\u00e1rio: <strong>14h \u00e0s 18h00<\/strong><\/p>\n\n\n\n<p><strong>FOTOGRAFIA DE RUA<\/strong><br><em>Aprenda como registrar cen\u00e1rios abertos, com movimenta\u00e7\u00e3o e diversos elementos em cena. Como construir uma boa foto, como garantir visibilidade e foco.<\/em><br>Professora: Grace Sanches<br>Modalidade: <strong>presencial<\/strong><br>Dias: <strong>15\/09<\/strong><br>Hor\u00e1rio: <strong>19h \u00e0s 22h00<\/strong><\/p>\n\n\n\n<p><strong>AUL\u00c3O DE REELS<\/strong><br><em>Uma excelente oportunidade para aumentar o seu alcance. Curso com foco na cria\u00e7\u00e3o de roteiros e conte\u00fados curtos em v\u00eddeo, planejamento de marketing e integra\u00e7\u00e3o com outras plataformas.<\/em><br>Professor: Anderson Muller<br>Modalidade: <strong>presencial<\/strong><br>Dias: <strong>15\/09<\/strong><br>Hor\u00e1rio: <strong>19h \u00e0s 22h00<\/strong><\/p>\n\n\n\n<p><strong>PLANEJAMENTO FOTOGR\u00c1FICO<\/strong><br><em>A import\u00e2ncia do planejamento fotogr\u00e1fico. Neste curso o foco principal \u00e9 a obten\u00e7\u00e3o de melhores resultados em sua sess\u00e3o ou evento, com o planejamento fotogr\u00e1fico.<\/em><br>Professor: Lucas Casale<br>Modalidade: <strong>online<\/strong><br>Dias: <strong>19\/09<\/strong><br>Hor\u00e1rio: <strong>19h \u00e0s 22h00<\/strong><\/p>\n","protected":false},"excerpt":{"rendered":"<p>Oferecidas pela Prefeitura de Jundia\u00ed, as inscri\u00e7\u00f5es abrem na ter\u00e7a-feira, 06, para sete cursos gratuitos<\/p>\n","protected":false},"author":17,"featured_media":97928,"comment_status":"closed","ping_status":"0","sticky":false,"template":"","format":"standard","meta":{"footnotes":""},"categories":[8356,1],"tags":[],"class_list":["post-97927","post","type-post","status-publish","format-standard","has-post-thumbnail","hentry","category-jundiai","category-noticias"],"_links":{"self":[{"href":"https:\/\/tvtecjundiai.com.br\/news\/wp-json\/wp\/v2\/posts\/97927","targetHints":{"allow":["GET"]}}],"collection":[{"href":"https:\/\/tvtecjundiai.com.br\/news\/wp-json\/wp\/v2\/posts"}],"about":[{"href":"https:\/\/tvtecjundiai.com.br\/news\/wp-json\/wp\/v2\/types\/post"}],"author":[{"embeddable":true,"href":"https:\/\/tvtecjundiai.com.br\/news\/wp-json\/wp\/v2\/users\/17"}],"replies":[{"embeddable":true,"href":"https:\/\/tvtecjundiai.com.br\/news\/wp-json\/wp\/v2\/comments?post=97927"}],"version-history":[{"count":1,"href":"https:\/\/tvtecjundiai.com.br\/news\/wp-json\/wp\/v2\/posts\/97927\/revisions"}],"predecessor-version":[{"id":97929,"href":"https:\/\/tvtecjundiai.com.br\/news\/wp-json\/wp\/v2\/posts\/97927\/revisions\/97929"}],"wp:featuredmedia":[{"embeddable":true,"href":"https:\/\/tvtecjundiai.com.br\/news\/wp-json\/wp\/v2\/media\/97928"}],"wp:attachment":[{"href":"https:\/\/tvtecjundiai.com.br\/news\/wp-json\/wp\/v2\/media?parent=97927"}],"wp:term":[{"taxonomy":"category","embeddable":true,"href":"https:\/\/tvtecjundiai.com.br\/news\/wp-json\/wp\/v2\/categories?post=97927"},{"taxonomy":"post_tag","embeddable":true,"href":"https:\/\/tvtecjundiai.com.br\/news\/wp-json\/wp\/v2\/tags?post=97927"}],"curies":[{"name":"wp","href":"https:\/\/api.w.org\/{rel}","templated":true}]}}