{"id":97930,"date":"2022-09-02T13:23:08","date_gmt":"2022-09-02T16:23:08","guid":{"rendered":"https:\/\/tvtecjundiai.com.br\/news\/?p=97930"},"modified":"2022-09-02T13:24:02","modified_gmt":"2022-09-02T16:24:02","slug":"familia-de-adolescente-de-13-anos-autoriza-captacao-de-orgaos-no-hospital-sao-vicente","status":"publish","type":"post","link":"https:\/\/tvtecjundiai.com.br\/news\/2022\/09\/02\/familia-de-adolescente-de-13-anos-autoriza-captacao-de-orgaos-no-hospital-sao-vicente\/","title":{"rendered":"Fam\u00edlia de adolescente de 13 anos autoriza doa\u00e7\u00e3o de \u00f3rg\u00e3os no Hospital S\u00e3o Vicente"},"content":{"rendered":"\n<p>A partida de uma pessoa querida \u00e9 sempre um momento delicado e triste. E nem sempre h\u00e1 tempo para se falar sobre doa\u00e7\u00e3o de \u00f3rg\u00e3os, especialmente no caso dos mais jovens, que sonham com uma vida inteira pela frente. <\/p>\n\n\n\n<p>\u201cNunca conversamos sobre o assunto. Ele era muito jovem e, mesmo sabendo da gravidade do caso, nas conversas com os m\u00e9dicos, ainda esper\u00e1vamos um milagre\u201d, conta Juliana Alves de Souza, m\u00e3e de Leonardo Alves de Ara\u00fajo, de 13 anos, v\u00edtima de atropelamento no \u00faltimo domingo (28), e que veio a ter morte encef\u00e1lica confirmada nesta quinta-feira (1). A fam\u00edlia autorizou a doa\u00e7\u00e3o de cora\u00e7\u00e3o, pulm\u00f5es, f\u00edgado, rins, p\u00e2ncreas e c\u00f3rneas. A capta\u00e7\u00e3o foi realizada na manh\u00e3 desta sexta-feira (2), no Hospital de Caridade S\u00e3o Vicente de Paulo (HSV).<\/p>\n\n\n\n<p>Juliana diz que a decis\u00e3o n\u00e3o \u00e9 f\u00e1cil, mas que pela personalidade do filho acredita que foi a decis\u00e3o correta. \u201cO Leo era um garoto bom, gostava de ajudar as pessoas, por isso tenho a certeza de que, se dependesse dele, ele aceitaria a doa\u00e7\u00e3o. Agora ele, que j\u00e1 est\u00e1 junto do &#8216;Pai&#8217;, vai poder salvar outras vidas\u201d, diz emocionada.<\/p>\n\n\n<div class=\"wp-block-image\">\n<figure class=\"aligncenter size-full is-resized\"><img loading=\"lazy\" decoding=\"async\" src=\"https:\/\/tvtecjundiai.com.br\/news\/wp-content\/uploads\/sites\/2\/2022\/09\/captacao-orgaos-sao-vicente.jpg\" alt=\"\" class=\"wp-image-97931\" width=\"705\" height=\"498\" srcset=\"https:\/\/tvtecjundiai.com.br\/news\/wp-content\/uploads\/sites\/2\/2022\/09\/captacao-orgaos-sao-vicente.jpg 810w, https:\/\/tvtecjundiai.com.br\/news\/wp-content\/uploads\/sites\/2\/2022\/09\/captacao-orgaos-sao-vicente-300x212.jpg 300w, https:\/\/tvtecjundiai.com.br\/news\/wp-content\/uploads\/sites\/2\/2022\/09\/captacao-orgaos-sao-vicente-768x542.jpg 768w\" sizes=\"auto, (max-width: 705px) 100vw, 705px\" \/><\/figure>\n<\/div>\n\n\n<p>Setembro \u00e9 o m\u00eas dedicado \u00e0 conscientiza\u00e7\u00e3o sobre a doa\u00e7\u00e3o de \u00f3rg\u00e3os, chamado de \u201cSetembro Verde\u201d. O gesto da fam\u00edlia de Leo, como era carinhosamente chamado, marca o in\u00edcio deste per\u00edodo para a equipe da Comiss\u00e3o Intra Hospitalar de Transplantes (CIHT) do HSV, criada em 2008. Com o suporte desta equipe, cora\u00e7\u00e3o e pulm\u00e3o seguir\u00e3o para um \u00fanico paciente no Hospital Albert Einstein, em S\u00e3o Paulo; f\u00edgado e rins seguir\u00e3o para o Hospital de Cl\u00ednicas da Unicamp, em Campinas; o p\u00e2ncreas vai para o Hospital Bandeirantes, em S\u00e3o Paulo, e as c\u00f3rneas para o Banco de Olhos de Sorocaba.<\/p>\n\n\n\n<p>A corrida contra o tempo \u00e9 um desafio para todos os envolvidos: ao mesmo tempo em que equipes multiprofissionais atuam no Centro Cir\u00fargico do HSV, simultaneamente pacientes que est\u00e3o na fila de transplante do Minist\u00e9rio da Sa\u00fade (quase 50 mil pessoas), s\u00e3o acionados para os hospitais onde os transplantes ocorrer\u00e3o. A agilidade, sincronismo e amor de todos \u00e9 essencial, pois o tempo de isquemia, ou seja, per\u00edodo em que um cora\u00e7\u00e3o e um pulm\u00e3o resistem entre serem retirados de um paciente e transplantados em outro, \u00e9 de 4 horas&#8230; O que muitas vezes exige transporte a\u00e9reo. Neste caso, o helic\u00f3ptero \u00c1guia da Pol\u00edcia Militar \u00e9 que auxiliou no transporte at\u00e9 S\u00e3o Paulo.<\/p>\n\n\n\n<p><strong>Comiss\u00e3o Intra Hospitalar de Transplantes (CIHT)<\/strong><\/p>\n\n\n\n<p>A Comiss\u00e3o Intra Hospitalar de Transplantes (CIHT) do HSV \u00e9 dedicada a acompanhar pacientes com confirma\u00e7\u00e3o de morte encef\u00e1lica e dar todo o suporte necess\u00e1rio para a fam\u00edlia. A equipe tem diversos profissionais, incluindo assistente social, fisioterapeuta, psic\u00f3logos, m\u00e9dicos e enfermeiros. Sob o comando da enfermeira Thais Fernanda Rocha Santos, a CIHT aciona a Central de Notifica\u00e7\u00e3o, Capta\u00e7\u00e3o e Distribui\u00e7\u00e3o de \u00d3rg\u00e3os (CNCDO) de S\u00e3o Paulo e garante todo o suporte \u00e0s equipes m\u00e9dicas durante a capta\u00e7\u00e3o e manuten\u00e7\u00e3o dos \u00f3rg\u00e3os, at\u00e9 que sigam \u00e0 institui\u00e7\u00e3o que far\u00e1 o transplante. No ano de 2021, a CIHT viabilizou a capta\u00e7\u00e3o de 73 \u00f3rg\u00e3os, num total de 14 doadores.<\/p>\n\n\n\n<p>Para doar os \u00f3rg\u00e3os \u00e9 necess\u00e1rio que a fam\u00edlia do paciente autorize, por isso, a recomenda\u00e7\u00e3o \u00e9 que o assunto n\u00e3o seja um tabu. Conversar sobre o tema faz com que, em um momento delicado como o \u00f3bito, a decis\u00e3o familiar se torne mais f\u00e1cil, com base na vontade do paciente.<\/p>\n\n\n\n<p><strong><em>(Fonte\/Imagem: Assessoria Hospital S\u00e3o Vicente)<\/em><\/strong><\/p>\n","protected":false},"excerpt":{"rendered":"<p>Menino v\u00edtima de atropelamento no \u00faltimo domingo (28) teve morte encef\u00e1lica confirmada<\/p>\n","protected":false},"author":30,"featured_media":97931,"comment_status":"closed","ping_status":"0","sticky":false,"template":"","format":"standard","meta":{"footnotes":""},"categories":[8356,1],"tags":[],"class_list":["post-97930","post","type-post","status-publish","format-standard","has-post-thumbnail","hentry","category-jundiai","category-noticias"],"_links":{"self":[{"href":"https:\/\/tvtecjundiai.com.br\/news\/wp-json\/wp\/v2\/posts\/97930","targetHints":{"allow":["GET"]}}],"collection":[{"href":"https:\/\/tvtecjundiai.com.br\/news\/wp-json\/wp\/v2\/posts"}],"about":[{"href":"https:\/\/tvtecjundiai.com.br\/news\/wp-json\/wp\/v2\/types\/post"}],"author":[{"embeddable":true,"href":"https:\/\/tvtecjundiai.com.br\/news\/wp-json\/wp\/v2\/users\/30"}],"replies":[{"embeddable":true,"href":"https:\/\/tvtecjundiai.com.br\/news\/wp-json\/wp\/v2\/comments?post=97930"}],"version-history":[{"count":3,"href":"https:\/\/tvtecjundiai.com.br\/news\/wp-json\/wp\/v2\/posts\/97930\/revisions"}],"predecessor-version":[{"id":97934,"href":"https:\/\/tvtecjundiai.com.br\/news\/wp-json\/wp\/v2\/posts\/97930\/revisions\/97934"}],"wp:featuredmedia":[{"embeddable":true,"href":"https:\/\/tvtecjundiai.com.br\/news\/wp-json\/wp\/v2\/media\/97931"}],"wp:attachment":[{"href":"https:\/\/tvtecjundiai.com.br\/news\/wp-json\/wp\/v2\/media?parent=97930"}],"wp:term":[{"taxonomy":"category","embeddable":true,"href":"https:\/\/tvtecjundiai.com.br\/news\/wp-json\/wp\/v2\/categories?post=97930"},{"taxonomy":"post_tag","embeddable":true,"href":"https:\/\/tvtecjundiai.com.br\/news\/wp-json\/wp\/v2\/tags?post=97930"}],"curies":[{"name":"wp","href":"https:\/\/api.w.org\/{rel}","templated":true}]}}