{"id":97935,"date":"2022-09-02T13:44:22","date_gmt":"2022-09-02T16:44:22","guid":{"rendered":"https:\/\/tvtecjundiai.com.br\/news\/?p=97935"},"modified":"2022-09-02T13:55:23","modified_gmt":"2022-09-02T16:55:23","slug":"fim-de-semana-movimentado-na-fabrica-das-infancias-japy-e-na-biblioteca-municipal","status":"publish","type":"post","link":"https:\/\/tvtecjundiai.com.br\/news\/2022\/09\/02\/fim-de-semana-movimentado-na-fabrica-das-infancias-japy-e-na-biblioteca-municipal\/","title":{"rendered":"Fim de semana ser\u00e1 movimentado na F\u00e1brica das Inf\u00e2ncias Japy e na Biblioteca Municipal"},"content":{"rendered":"\n<p>A Unidade de Gest\u00e3o de Cultura (UGC) programou para este fim de semana mais uma rodada de atividades gratuitas na F\u00e1brica das Inf\u00e2ncias Japy e na Biblioteca P\u00fablica Nelson Foot para a garotada.<\/p>\n\n\n\n<p>No s\u00e1bado (3), a partir das 10h30, na F\u00e1brica das Inf\u00e2ncias Japy, crian\u00e7as de 4 a 10 anos poder\u00e3o acompanhar a apresenta\u00e7\u00e3o do Grupo Gatos Gordos com a performance \u201cAnimal\u201d, com conta\u00e7\u00e3o de duas hist\u00f3rias com muita anima\u00e7\u00e3o. A primeira hist\u00f3ria ser\u00e1 \u201cO Vel\u00f3rio da Dona On\u00e7a\u201d e a segunda \u201cA Vaca que queria botar ovo\u201d. Duas divertidas encena\u00e7\u00f5es que permitiram ao p\u00fablico presente interagir com as artistas Vivi Masolli e Lisete Pecoraro.<\/p>\n\n\n<div class=\"wp-block-image\">\n<figure class=\"aligncenter size-full is-resized\"><img loading=\"lazy\" decoding=\"async\" src=\"https:\/\/tvtecjundiai.com.br\/news\/wp-content\/uploads\/sites\/2\/2022\/09\/cultura-jundiaii.jpg\" alt=\"\" class=\"wp-image-97936\" width=\"872\" height=\"317\" srcset=\"https:\/\/tvtecjundiai.com.br\/news\/wp-content\/uploads\/sites\/2\/2022\/09\/cultura-jundiaii.jpg 983w, https:\/\/tvtecjundiai.com.br\/news\/wp-content\/uploads\/sites\/2\/2022\/09\/cultura-jundiaii-300x109.jpg 300w, https:\/\/tvtecjundiai.com.br\/news\/wp-content\/uploads\/sites\/2\/2022\/09\/cultura-jundiaii-768x280.jpg 768w\" sizes=\"auto, (max-width: 872px) 100vw, 872px\" \/><\/figure>\n<\/div>\n\n\n<p>J\u00e1 no domingo (4), a partir das 10h30, crian\u00e7as de 4 a 10 anos poder\u00e3o acompanhar na Japy, a conta\u00e7\u00e3o de hist\u00f3rias pelo projeto \u201cContando hist\u00f3rias com riscos e rabiscos\u201d, com a companhia Uni Verso &amp; Prosa. A proposta do projeto \u00e9 utilizar a hist\u00f3ria contada e os desenhos das crian\u00e7as para estimular a imagina\u00e7\u00e3o, a fantasia e a brincadeira, evidenciando, dessa forma, a import\u00e2ncia do brincar.<\/p>\n\n\n\n<p>A F\u00e1brica das Inf\u00e2ncias Japy \u00e9 ligada \u00e0 UGC e, al\u00e9m de sede oficial do Comit\u00ea das Crian\u00e7as, \u00e9 um novo espa\u00e7o voltado para a experimenta\u00e7\u00e3o art\u00edstica, formativa, criativa e reflexiva sobre as brincadeiras e as inf\u00e2ncias.<\/p>\n\n\n\n<p>O equipamento cultural fica na rua Lacerda Franco, 175, Vila Arens, e funciona de ter\u00e7a a sexta-feira, das 9h \u00e0s 17h; e aos s\u00e1bados, domingos e feriados, das 9h \u00e0s 13h. A entrada de visitantes \u00e9 gratuita e permitida somente at\u00e9 30 minutos antes do hor\u00e1rio de fechamento. Mais informa\u00e7\u00f5es pelo telefone 4521-0971.<\/p>\n\n\n\n<p><strong>Xadrez na Biblioteca<\/strong><\/p>\n\n\n\n<p>Na Biblioteca tem in\u00edcio neste s\u00e1bado (3), das 9h30 \u00e0s 11h30, a \u201cEscola de Xadrex para Todos\u201d. O objetivo \u00e9 promover e incentivar a pratica do jogo de xadrez, al\u00e9m de favorecer todo o praticante com os in\u00fameros benef\u00edcios que o jogo fornece. A proposta pretende atender os frequentadores da Biblioteca e o p\u00fablico espec\u00edfico para o xadrez. Aos iniciantes ser\u00e1 apresentado o xadrez, pe\u00e7as, tabuleiro, o uso das planilhas e rel\u00f3gios, regras, movimentos das pe\u00e7as, capturas, vantagens e desvantagens, aberturas, meio jogo, t\u00e1ticas, estrat\u00e9gias e xeque-mate. J\u00e1 para os que j\u00e1 conhecem o jogo, a proposta \u00e9 conciliar com os mais avan\u00e7ados, aprimorando o conhecimento. S\u00e3o 30 vagas gratuitas e as inscri\u00e7\u00f5es devem ser feitas pela Internet em formul\u00e1rio no link:&nbsp;<a rel=\"noreferrer noopener\" href=\"https:\/\/docs.google.com\/forms\/d\/1i5VOknCwfTjldWnzwM2CIfdikD91DAWLEG_FBOkyg88\/edit\" target=\"_blank\">https:\/\/docs.google.com\/forms\/d\/1i5VOknCwfTjldWnzwM2CIfdikD91DAWLEG_FBOkyg88\/edit<\/a><\/p>\n\n\n\n<p>A iniciativa \u00e9 uma parceria da UGC com o Instituto Atletas do Amanh\u00e3.<\/p>\n\n\n\n<p>Tamb\u00e9m na Biblioteca neste s\u00e1bado (3), das 11h \u00e0s 12h, a apresenta\u00e7\u00e3o do espet\u00e1culo \u201cMatula\u201d, com os atores da Cia. TD Artes. O espet\u00e1culo conta com diversas \u201cgags\u201d cl\u00e1ssicas circenses. Os palha\u00e7os organizam um grande encontro de leitura e conta\u00e7\u00e3o de hist\u00f3rias, ao encontrar com os livros, a bagun\u00e7a come\u00e7a. Uma confus\u00e3o divertida, cheia de imprevistos, com uma pitada de contos de fadas e lendas. A entrada \u00e9 gratuita.<\/p>\n\n\n\n<p>A Biblioteca est\u00e1 localizada na avenida Dr. Cavalcanti, 396, Complexo Argos. Mais informa\u00e7\u00f5es pelo telefone (11) 4527-2110.<\/p>\n\n\n\n<p><em><strong>(Fonte: Prefeitura de Jundia\u00ed\/Imagem: Divulga\u00e7\u00e3o)<\/strong><\/em><\/p>\n","protected":false},"excerpt":{"rendered":"<p>A Unidade de Gest\u00e3o de Cultura (UGC) programou atividades gratuitas para divertir a crian\u00e7ada<\/p>\n","protected":false},"author":30,"featured_media":97937,"comment_status":"closed","ping_status":"0","sticky":false,"template":"","format":"standard","meta":{"footnotes":""},"categories":[2833,8356,8354,1],"tags":[],"class_list":["post-97935","post","type-post","status-publish","format-standard","has-post-thumbnail","hentry","category-cultura","category-jundiai","category-lazer","category-noticias"],"_links":{"self":[{"href":"https:\/\/tvtecjundiai.com.br\/news\/wp-json\/wp\/v2\/posts\/97935","targetHints":{"allow":["GET"]}}],"collection":[{"href":"https:\/\/tvtecjundiai.com.br\/news\/wp-json\/wp\/v2\/posts"}],"about":[{"href":"https:\/\/tvtecjundiai.com.br\/news\/wp-json\/wp\/v2\/types\/post"}],"author":[{"embeddable":true,"href":"https:\/\/tvtecjundiai.com.br\/news\/wp-json\/wp\/v2\/users\/30"}],"replies":[{"embeddable":true,"href":"https:\/\/tvtecjundiai.com.br\/news\/wp-json\/wp\/v2\/comments?post=97935"}],"version-history":[{"count":3,"href":"https:\/\/tvtecjundiai.com.br\/news\/wp-json\/wp\/v2\/posts\/97935\/revisions"}],"predecessor-version":[{"id":97943,"href":"https:\/\/tvtecjundiai.com.br\/news\/wp-json\/wp\/v2\/posts\/97935\/revisions\/97943"}],"wp:featuredmedia":[{"embeddable":true,"href":"https:\/\/tvtecjundiai.com.br\/news\/wp-json\/wp\/v2\/media\/97937"}],"wp:attachment":[{"href":"https:\/\/tvtecjundiai.com.br\/news\/wp-json\/wp\/v2\/media?parent=97935"}],"wp:term":[{"taxonomy":"category","embeddable":true,"href":"https:\/\/tvtecjundiai.com.br\/news\/wp-json\/wp\/v2\/categories?post=97935"},{"taxonomy":"post_tag","embeddable":true,"href":"https:\/\/tvtecjundiai.com.br\/news\/wp-json\/wp\/v2\/tags?post=97935"}],"curies":[{"name":"wp","href":"https:\/\/api.w.org\/{rel}","templated":true}]}}