{"id":97944,"date":"2022-09-02T14:10:20","date_gmt":"2022-09-02T17:10:20","guid":{"rendered":"https:\/\/tvtecjundiai.com.br\/news\/?p=97944"},"modified":"2022-09-02T14:10:42","modified_gmt":"2022-09-02T17:10:42","slug":"circuito-sp-traz-rapper-kamau-para-o-palco-do-complexo-fepasa-neste-sabado-3","status":"publish","type":"post","link":"https:\/\/tvtecjundiai.com.br\/news\/2022\/09\/02\/circuito-sp-traz-rapper-kamau-para-o-palco-do-complexo-fepasa-neste-sabado-3\/","title":{"rendered":"Rapper Kamau se apresenta no palco do Complexo Fepasa neste s\u00e1bado (3)"},"content":{"rendered":"\n<p>O segundo dos quatro espet\u00e1culos que Jundia\u00ed recebe pelo Programa Circuito SP, da Secretaria de Cultura e Economia Criativa do Estado de S\u00e3o Paulo, gerido pela Amigos da Arte, neste segundo semestre de 2022, acontece neste s\u00e1bado (03). No palco da Sala Jundia\u00ed, no Complexo Fepasa, se apresenta o rapper Kamau, a partir das 16h, com entrada gratuita.<\/p>\n\n\n\n<p>Jundia\u00ed foi selecionada com outros 120 munic\u00edpios atrav\u00e9s do programa Juntos pela Cultura, que tem como proposta diversificar a oferta cultural em diversas regi\u00f5es do Estado, com uma programa\u00e7\u00e3o art\u00edstica de qualidade, valorizando teatros, centros culturais e espa\u00e7os alternativos. Receber os espet\u00e1culos do refor\u00e7a as a\u00e7\u00f5es que a Unidade de Gest\u00e3o de Cultura vem realizando na cidade.<\/p>\n\n\n\n<figure class=\"wp-block-image size-large\"><img loading=\"lazy\" decoding=\"async\" width=\"1200\" height=\"800\" src=\"https:\/\/tvtecjundiai.com.br\/news\/wp-content\/uploads\/sites\/2\/2022\/09\/making-of-clibe-kamau-2022-54-1200x800.jpg\" alt=\"\" class=\"wp-image-97945\" srcset=\"https:\/\/tvtecjundiai.com.br\/news\/wp-content\/uploads\/sites\/2\/2022\/09\/making-of-clibe-kamau-2022-54-1200x800.jpg 1200w, https:\/\/tvtecjundiai.com.br\/news\/wp-content\/uploads\/sites\/2\/2022\/09\/making-of-clibe-kamau-2022-54-300x200.jpg 300w, https:\/\/tvtecjundiai.com.br\/news\/wp-content\/uploads\/sites\/2\/2022\/09\/making-of-clibe-kamau-2022-54-768x512.jpg 768w, https:\/\/tvtecjundiai.com.br\/news\/wp-content\/uploads\/sites\/2\/2022\/09\/making-of-clibe-kamau-2022-54.jpg 1280w\" sizes=\"auto, (max-width: 1200px) 100vw, 1200px\" \/><figcaption>Rapper Kamau \u00e9 a atra\u00e7\u00e3o desse s\u00e1bado (3) no Complexo Fepasa<\/figcaption><\/figure>\n\n\n\n<p>Marcus Vinicius Andrade e Silva, mais conhecido pelo nome art\u00edstico Kamau, \u00e9 um rapper, compositor, beatmaker e skatista brasileiro. Iniciou sua carreira em 1997 e \u00e9 visto como refer\u00eancia por muitos MCs em destaque na cena atual e tamb\u00e9m admirado por veteranos. O nome Kamau veio de um livro de nomes africanos que o DJ KL Jay (Racionais MCs) tem em casa. Significa \u201cGuerreiro Silencioso\u201d em swahilli e Kamau logo se identificou e achou que tinha a ver com seu jeito de agir e ser.<\/p>\n\n\n\n<p>Suas m\u00fasicas &#8220;Vida&#8221;, &#8220;S\u00f3&#8221;, &#8220;Me Diz&#8221;, &#8220;Parte de Mim&#8221;, &#8220;Amar \u00e9&#8221;, &#8220;Poesia de Concreto&#8221;, &#8220;Equil\u00edbrio&#8221;, &#8220;Pretinha&#8221;, &#8220;Carpe Diem&#8221;, &#8220;Rimas&#8221; entre outras s\u00e3o alguns dos sucessos que ele apresenta em Jundia\u00ed.<\/p>\n\n\n\n<p>A Sala Jundia\u00ed do Complexo Fepasa tem capacidade para 180 pessoas. O acesso ao espa\u00e7o ser\u00e1 por ordem de chegada, n\u00e3o sendo necess\u00e1rio retirada de ingressos.<\/p>\n\n\n\n<p>O Complexo Fepasa est\u00e1 localizado na avenida Uni\u00e3o dos Ferrovi\u00e1rios, 1760, no Centro. No local h\u00e1 estacionamento gratuito. Mais informa\u00e7\u00f5es (11) 4589-6800.<\/p>\n\n\n\n<p><strong><em>(Fonte: Prefeitura de Jundia\u00ed\/Imagem: Divulga\u00e7\u00e3o)<\/em><\/strong><\/p>\n","protected":false},"excerpt":{"rendered":"<p>A entrada ser\u00e1 por ordem de chegada, n\u00e3o sendo necess\u00e1rio retirada de ingressos<\/p>\n","protected":false},"author":30,"featured_media":97945,"comment_status":"closed","ping_status":"0","sticky":false,"template":"","format":"standard","meta":{"footnotes":""},"categories":[2833,8356,1],"tags":[],"class_list":["post-97944","post","type-post","status-publish","format-standard","has-post-thumbnail","hentry","category-cultura","category-jundiai","category-noticias"],"_links":{"self":[{"href":"https:\/\/tvtecjundiai.com.br\/news\/wp-json\/wp\/v2\/posts\/97944","targetHints":{"allow":["GET"]}}],"collection":[{"href":"https:\/\/tvtecjundiai.com.br\/news\/wp-json\/wp\/v2\/posts"}],"about":[{"href":"https:\/\/tvtecjundiai.com.br\/news\/wp-json\/wp\/v2\/types\/post"}],"author":[{"embeddable":true,"href":"https:\/\/tvtecjundiai.com.br\/news\/wp-json\/wp\/v2\/users\/30"}],"replies":[{"embeddable":true,"href":"https:\/\/tvtecjundiai.com.br\/news\/wp-json\/wp\/v2\/comments?post=97944"}],"version-history":[{"count":2,"href":"https:\/\/tvtecjundiai.com.br\/news\/wp-json\/wp\/v2\/posts\/97944\/revisions"}],"predecessor-version":[{"id":97947,"href":"https:\/\/tvtecjundiai.com.br\/news\/wp-json\/wp\/v2\/posts\/97944\/revisions\/97947"}],"wp:featuredmedia":[{"embeddable":true,"href":"https:\/\/tvtecjundiai.com.br\/news\/wp-json\/wp\/v2\/media\/97945"}],"wp:attachment":[{"href":"https:\/\/tvtecjundiai.com.br\/news\/wp-json\/wp\/v2\/media?parent=97944"}],"wp:term":[{"taxonomy":"category","embeddable":true,"href":"https:\/\/tvtecjundiai.com.br\/news\/wp-json\/wp\/v2\/categories?post=97944"},{"taxonomy":"post_tag","embeddable":true,"href":"https:\/\/tvtecjundiai.com.br\/news\/wp-json\/wp\/v2\/tags?post=97944"}],"curies":[{"name":"wp","href":"https:\/\/api.w.org\/{rel}","templated":true}]}}