{"id":97979,"date":"2022-09-04T09:27:52","date_gmt":"2022-09-04T12:27:52","guid":{"rendered":"https:\/\/tvtecjundiai.com.br\/news\/?p=97979"},"modified":"2022-09-04T09:27:56","modified_gmt":"2022-09-04T12:27:56","slug":"multivacinacao-reforca-a-campanha-contra-a-poliomielite","status":"publish","type":"post","link":"https:\/\/tvtecjundiai.com.br\/news\/2022\/09\/04\/multivacinacao-reforca-a-campanha-contra-a-poliomielite\/","title":{"rendered":"Multivacina\u00e7\u00e3o refor\u00e7a a campanha contra a Poliomielite"},"content":{"rendered":"\n<p><\/p>\n\n\n\n<p>Na campanha de multivacina\u00e7\u00e3o realizada nesse s\u00e1bado (03), com atendimento na UBS Hortol\u00e2ndia e na Cl\u00ednica da Fam\u00edlia II, no bairro Almerinda Chaves, o movimento foi intenso tanto na imuniza\u00e7\u00e3o contra a Poliomielite, quanto nas doses contra Covid-19 e Influenza, com aplica\u00e7\u00f5es de 1.950 doses no total.<\/p>\n\n\n\n<p>Na UBS Hortol\u00e2ndia foram aplicadas 1.343 doses, sendo 820 Covid, 166 contra a p\u00f3lio, 81 de atualiza\u00e7\u00e3o e 276 de Influenza. J\u00e1 na Cl\u00ednica da Fam\u00edlia II, o total foi de 607 doses, com 318 contra a Covid-19, 104 de Influenza, 80 doses de rotina e 105 contra a Poliomielite.<\/p>\n\n\n\n<figure class=\"wp-block-image\"><img decoding=\"async\" src=\"https:\/\/jundiai.sp.gov.br\/noticias\/wp-content\/uploads\/sites\/32\/2022\/09\/ubs-hortolandia-multivanacao_fm_-30.jpg\" alt=\"\" class=\"wp-image-300724\" \/><figcaption>Continuam dispon\u00edveis as vacinas contra Influenza (a partir de 6 meses de idade) e Poliomielite (1 a 4 anos), al\u00e9m da demanda de atualiza\u00e7\u00f5es<\/figcaption><\/figure>\n\n\n\n<p>As doses contra Covid-19 inclu\u00edram a D4 para pessoas com mais de 18 anos e que receberam a D3 h\u00e1 pelo menos quatro meses (122 dias), al\u00e9m do imunizante Coronavac para crian\u00e7as entre 3 e 4 anos.<\/p>\n\n\n\n<p>\u201cA ades\u00e3o ainda \u00e9 considerada baixa, por isso refor\u00e7amos que as pessoas devem procurar as UBSs para as atualiza\u00e7\u00f5es, al\u00e9m do polo&nbsp;de vacina\u00e7\u00e3o, na Cidade Administrativa (antiga Creche do Idoso), de segunda a sexta-feira, das 8h \u00e0s 16h30, ponto exclusivo para vacina\u00e7\u00e3o contra Covid-19 e Influenza\u201d, refor\u00e7ou Maria do Carmo Possidente, coordenadora da Vigil\u00e2ncia Epidemiol\u00f3gica.&nbsp;<\/p>\n\n\n\n<p>Nesta semana, continuam dispon\u00edveis as vacinas contra Influenza (a partir de 6 meses de idade) e Poliomielite (1 a 4 anos), al\u00e9m da demanda de atualiza\u00e7\u00f5es. \u00c9 importante apresentar a caderneta de vacina\u00e7\u00e3o e o documento de identidade. Caso a pessoa n\u00e3o esteja com o comprovante de vacina\u00e7\u00e3o contra a Covid-19, \u00e9 poss\u00edvel realizar de imediato a emiss\u00e3o de outro.<\/p>\n\n\n\n<figure class=\"wp-block-image\"><img decoding=\"async\" src=\"https:\/\/jundiai.sp.gov.br\/noticias\/wp-content\/uploads\/sites\/32\/2022\/09\/mayara-renan-e-olivia.jpg\" alt=\"\" class=\"wp-image-300725\" \/><figcaption>Mayara e Renan levaram a pequena Ol\u00edvia para tomar a gotinha contra a p\u00f3lio<\/figcaption><\/figure>\n\n\n\n<figure class=\"wp-block-image\"><img decoding=\"async\" src=\"https:\/\/jundiai.sp.gov.br\/noticias\/wp-content\/uploads\/sites\/32\/2022\/09\/caique.jpg\" alt=\"\" class=\"wp-image-300726\" \/><figcaption>Ca\u00edque procurou a UBS Hortol\u00e2ndia para tomar as doses contra Covid-19 e Influenza<\/figcaption><\/figure>\n\n\n\n<p>Renan e Mayara Bianchi, moradores na Vila Nova Jundiain\u00f3polis, levaram a filha Ol\u00edvia, de 2 anos, para tomar a gotinha. \u201cO s\u00e1bado facilita muito, pois permite a flexibilidade de hor\u00e1rios. Estamos aqui fazendo a nossa parte\u201d, lembrou Mayara.<\/p>\n\n\n\n<p>J\u00e1 Ca\u00edque Bonatti, 27 anos, aproveitou o dia para tomar a 4\u00aa dose contra a Covid-19, al\u00e9m da Influenza. \u201cTrabalho em S\u00e3o Paulo, por isso vim hoje. A preven\u00e7\u00e3o \u00e9 muito importante, principalmente agora que muitas pessoas j\u00e1 retomaram as atividades presenciais no trabalho\u201d, disse o morador do Horto Santo Antonio.<\/p>\n\n\n\n<p>Fonte \/ Imagem: Prefeitura de Jundia\u00ed<\/p>\n","protected":false},"excerpt":{"rendered":"<p>Na campanha de multivacina\u00e7\u00e3o realizada nesse s\u00e1bado (03), com atendimento na UBS Hortol\u00e2ndia e na Cl\u00ednica da Fam\u00edlia II, foram aplicadas doses contra Covid-19 e Influenza, com aplica\u00e7\u00f5es de 1.950 doses no total.<\/p>\n","protected":false},"author":31,"featured_media":97980,"comment_status":"closed","ping_status":"0","sticky":false,"template":"","format":"standard","meta":{"footnotes":""},"categories":[1],"tags":[],"class_list":["post-97979","post","type-post","status-publish","format-standard","has-post-thumbnail","hentry","category-noticias"],"_links":{"self":[{"href":"https:\/\/tvtecjundiai.com.br\/news\/wp-json\/wp\/v2\/posts\/97979","targetHints":{"allow":["GET"]}}],"collection":[{"href":"https:\/\/tvtecjundiai.com.br\/news\/wp-json\/wp\/v2\/posts"}],"about":[{"href":"https:\/\/tvtecjundiai.com.br\/news\/wp-json\/wp\/v2\/types\/post"}],"author":[{"embeddable":true,"href":"https:\/\/tvtecjundiai.com.br\/news\/wp-json\/wp\/v2\/users\/31"}],"replies":[{"embeddable":true,"href":"https:\/\/tvtecjundiai.com.br\/news\/wp-json\/wp\/v2\/comments?post=97979"}],"version-history":[{"count":1,"href":"https:\/\/tvtecjundiai.com.br\/news\/wp-json\/wp\/v2\/posts\/97979\/revisions"}],"predecessor-version":[{"id":97981,"href":"https:\/\/tvtecjundiai.com.br\/news\/wp-json\/wp\/v2\/posts\/97979\/revisions\/97981"}],"wp:featuredmedia":[{"embeddable":true,"href":"https:\/\/tvtecjundiai.com.br\/news\/wp-json\/wp\/v2\/media\/97980"}],"wp:attachment":[{"href":"https:\/\/tvtecjundiai.com.br\/news\/wp-json\/wp\/v2\/media?parent=97979"}],"wp:term":[{"taxonomy":"category","embeddable":true,"href":"https:\/\/tvtecjundiai.com.br\/news\/wp-json\/wp\/v2\/categories?post=97979"},{"taxonomy":"post_tag","embeddable":true,"href":"https:\/\/tvtecjundiai.com.br\/news\/wp-json\/wp\/v2\/tags?post=97979"}],"curies":[{"name":"wp","href":"https:\/\/api.w.org\/{rel}","templated":true}]}}