{"id":97985,"date":"2022-09-04T10:18:54","date_gmt":"2022-09-04T13:18:54","guid":{"rendered":"https:\/\/tvtecjundiai.com.br\/news\/?p=97985"},"modified":"2022-09-04T10:18:59","modified_gmt":"2022-09-04T13:18:59","slug":"orquestra-homenageia-os-200-anos-da-independencia-em-concerto-com-composicoes-de-dom-pedro-i","status":"publish","type":"post","link":"https:\/\/tvtecjundiai.com.br\/news\/2022\/09\/04\/orquestra-homenageia-os-200-anos-da-independencia-em-concerto-com-composicoes-de-dom-pedro-i\/","title":{"rendered":"Orquestra homenageia os 200 anos da Independ\u00eancia em concerto com composi\u00e7\u00f5es de Dom Pedro I"},"content":{"rendered":"\n<p><\/p>\n\n\n\n<p>O terceiro concerto da temporada 2022 da Orquestra Sinf\u00f4nica Municipal de Jundia\u00ed (OSMJ) ser\u00e1 uma homenagem do Munic\u00edpio ao bicenten\u00e1rio da Proclama\u00e7\u00e3o da Independ\u00eancia do Brasil. Marcado para o pr\u00f3ximo s\u00e1bado (10), \u00e0s 20h, no Teatro Polytheama, o concerto trar\u00e1 em seu programa, duas obras compostas pelo imperador Dom Pedro I \u2013 \u201cHino \u00e0 Independ\u00eancia\u201d e \u201cCredo do Imperador\u201d -, al\u00e9m de obras do compositor austr\u00edaco Wolfgang Amadeus Mozart, como \u201cRapto do Serralho\u201d e \u201cExultate Jubilate\u201d.<\/p>\n\n\n\n<p>A maestrina Claudia Feres, regente titular e diretora art\u00edstica da OSMJ, explica a escolha do repert\u00f3rio. \u201cEste programa traz como focos o aspecto musical da \u00e9poca e a deliciosa ideia de termos um rei que tamb\u00e9m era m\u00fasico, mostrando uma das pe\u00e7as mais importantes dele que \u00e9 o Credo. Gosto muito de me lembrar de uma carta de 1821 da Dona Leopoldina a seu pai, o imperador Joseph II da \u00c1ustria, em que ela compartilha obras compostas pelo marido, segundo ela, sem o aux\u00edlio de ningu\u00e9m. Sem contar o fato de que Dom Pedro tamb\u00e9m tocava v\u00e1rios instrumentos, muitas vezes ao lado de seus m\u00fasicos na orquestra\u201d.<\/p>\n\n\n\n<figure class=\"wp-block-image\"><img decoding=\"async\" src=\"https:\/\/jundiai.sp.gov.br\/noticias\/wp-content\/uploads\/sites\/32\/2022\/09\/orquestra-sinfonica-municipal-de-jundiai-100-anos-da-semana-de-arte-moderna-de-sao-paulo-polytheama_fm_-18.jpg\" alt=\"M\u00fasicos da Orquestra Sinf\u00f4nica Municipal de Jundia\u00ed sobre o palco do Teatro Polytheama, sentados com diversos instrumentos \u00e1 m\u00e3o, com a regente em p\u00e9 e de costas para a plateia, que pode ser vista como sombra na foto. Ao fundo do palco se veem uma parede de tijolos aparentes, duas janelas de madeira fechadas e uma escada de inc\u00eandio\" class=\"wp-image-300539\" \/><figcaption>Orquestra contar\u00e1 com as participa\u00e7\u00f5es especiais de Regiane Martinez e do Coral Vivace para a apresenta\u00e7\u00e3o<\/figcaption><\/figure>\n\n\n\n<p>Claudia tamb\u00e9m explica a altern\u00e2ncia com obras do compositor austr\u00edaco. \u201cMozart \u00e9 o grande nome da \u00e9poca. Sua \u00f3pera \u2018O Rapto do Serralho\u2019, a primeira \u00f3pera em l\u00edngua germ\u00e2nica, da qual faremos a abertura, foi uma encomenda de Joseph II, um apaixonado por m\u00fasica, que pediu de Mozart uma \u00f3pera em l\u00edngua alem\u00e3\u201d.<\/p>\n\n\n\n<p>A OSMJ \u00e9 um corpo art\u00edstico ligado \u00e0 Unidade de Gest\u00e3o de Cultura (UGC). Segundo o gestor, Marcelo Peroni, \u201ceste ano traz como novidade a expans\u00e3o de nossa Orquestra Sinf\u00f4nica, com a cria\u00e7\u00e3o de um n\u00facleo de jovens m\u00fasicos bolsistas para al\u00e9m do grupo de m\u00fasicos profissionais solistas de C\u00e2mara j\u00e1 existente. Mas alguns aspectos de suas \u00faltimas onze temporadas a Orquestra tamb\u00e9m traz para 2022, como a participa\u00e7\u00e3o de convidados especiais e de nossos outros corpos art\u00edsticos, al\u00e9m de repert\u00f3rios tem\u00e1ticos e que conversem com a atualidade. O concerto em comemora\u00e7\u00e3o da Independ\u00eancia \u00e9 mais um bom exemplo disso e, assim como das \u00faltimas vezes, contamos com a presen\u00e7a numerosa do p\u00fablico\u201d.<\/p>\n\n\n\n<p>O espet\u00e1culo contar\u00e1 ainda com as participa\u00e7\u00f5es especiais da soprano Regiane Martinez e do Coral Vivace, sobe a reg\u00eancia de Vasti Atique.<\/p>\n\n\n\n<p>Os ingressos gratuitos ficam dispon\u00edveis tanto&nbsp;<a href=\"https:\/\/bileto.sympla.com.br\/event\/76424\/d\/157524\/s\/1049285\" target=\"_blank\" rel=\"noreferrer noopener\">pela plataforma Sympla<\/a>&nbsp;quanto diretamente na bilheteria do Teatro. Cada interessado poder\u00e1 retirar at\u00e9 dois ingressos.<\/p>\n\n\n\n<p>Os detalhes do programa podem ser&nbsp;<a href=\"https:\/\/cultura.jundiai.sp.gov.br\/programacao-temporada-2022-orquestra-sinfonica-municipal-de-jundiai\/\" target=\"_blank\" rel=\"noreferrer noopener\">conferidos no site da Cultura<\/a>.<\/p>\n\n\n\n<p>O Teatro Polytheama fica na rua Bar\u00e3o de Jundia\u00ed, 176, Centro. Mais informa\u00e7\u00f5es pelo telefone\u00a0<a href=\"tel:(11) 4586-2472\">(11) 4586-2472<\/a>.<\/p>\n\n\n\n<p>Fonte \/ Imagem: Prefeitura de Jundia\u00ed<\/p>\n\n\n\n<p><\/p>\n\n\n\n<p><\/p>\n\n\n\n<p><\/p>\n\n\n\n<p><\/p>\n\n\n\n<p><\/p>\n","protected":false},"excerpt":{"rendered":"<p>O terceiro concerto da temporada 2022 da Orquestra Sinf\u00f4nica Municipal de Jundia\u00ed (OSMJ) ser\u00e1 uma homenagem do Munic\u00edpio ao bicenten\u00e1rio da Proclama\u00e7\u00e3o da Independ\u00eancia do Brasil<\/p>\n","protected":false},"author":31,"featured_media":97986,"comment_status":"closed","ping_status":"0","sticky":false,"template":"","format":"standard","meta":{"footnotes":""},"categories":[1],"tags":[],"class_list":["post-97985","post","type-post","status-publish","format-standard","has-post-thumbnail","hentry","category-noticias"],"_links":{"self":[{"href":"https:\/\/tvtecjundiai.com.br\/news\/wp-json\/wp\/v2\/posts\/97985","targetHints":{"allow":["GET"]}}],"collection":[{"href":"https:\/\/tvtecjundiai.com.br\/news\/wp-json\/wp\/v2\/posts"}],"about":[{"href":"https:\/\/tvtecjundiai.com.br\/news\/wp-json\/wp\/v2\/types\/post"}],"author":[{"embeddable":true,"href":"https:\/\/tvtecjundiai.com.br\/news\/wp-json\/wp\/v2\/users\/31"}],"replies":[{"embeddable":true,"href":"https:\/\/tvtecjundiai.com.br\/news\/wp-json\/wp\/v2\/comments?post=97985"}],"version-history":[{"count":1,"href":"https:\/\/tvtecjundiai.com.br\/news\/wp-json\/wp\/v2\/posts\/97985\/revisions"}],"predecessor-version":[{"id":97987,"href":"https:\/\/tvtecjundiai.com.br\/news\/wp-json\/wp\/v2\/posts\/97985\/revisions\/97987"}],"wp:featuredmedia":[{"embeddable":true,"href":"https:\/\/tvtecjundiai.com.br\/news\/wp-json\/wp\/v2\/media\/97986"}],"wp:attachment":[{"href":"https:\/\/tvtecjundiai.com.br\/news\/wp-json\/wp\/v2\/media?parent=97985"}],"wp:term":[{"taxonomy":"category","embeddable":true,"href":"https:\/\/tvtecjundiai.com.br\/news\/wp-json\/wp\/v2\/categories?post=97985"},{"taxonomy":"post_tag","embeddable":true,"href":"https:\/\/tvtecjundiai.com.br\/news\/wp-json\/wp\/v2\/tags?post=97985"}],"curies":[{"name":"wp","href":"https:\/\/api.w.org\/{rel}","templated":true}]}}