{"id":98000,"date":"2022-09-05T10:29:04","date_gmt":"2022-09-05T13:29:04","guid":{"rendered":"https:\/\/tvtecjundiai.com.br\/news\/?p=98000"},"modified":"2022-09-05T10:29:05","modified_gmt":"2022-09-05T13:29:05","slug":"semana-comeca-fria-em-jundiai-mas-temperaturas-sobem-ate-sexta-9","status":"publish","type":"post","link":"https:\/\/tvtecjundiai.com.br\/news\/2022\/09\/05\/semana-comeca-fria-em-jundiai-mas-temperaturas-sobem-ate-sexta-9\/","title":{"rendered":"Semana come\u00e7a fria em Jundia\u00ed, mas temperaturas sobem at\u00e9 sexta (9)"},"content":{"rendered":"\n<p>Depois da queda de temperatura registrada no \u00faltimo domingo (4), a semana come\u00e7a fria em Jundia\u00ed, mas com previs\u00e3o de alta nos term\u00f4metros at\u00e9 sexta-feira (9). Segundo o Climatempo, a temperatura deve ficar entre 12\u00b0C e 31\u00b0C.<\/p>\n\n\n\n<p>Nesta segunda-feira (5), o dia \u00e9 de sol com algumas nuvens e possibilidade de leves pancadas de chuva \u00e0 tarde. Os term\u00f4metros ficam entre 12\u00b0C e 25\u00b0C.<\/p>\n\n\n<div class=\"wp-block-image\">\n<figure class=\"aligncenter size-full is-resized\"><img loading=\"lazy\" decoding=\"async\" src=\"https:\/\/tvtecjundiai.com.br\/news\/wp-content\/uploads\/sites\/2\/2022\/09\/jundiai-clima-ameno-sol-frio-nublado.jpg\" alt=\"\" class=\"wp-image-98001\" width=\"658\" height=\"443\" srcset=\"https:\/\/tvtecjundiai.com.br\/news\/wp-content\/uploads\/sites\/2\/2022\/09\/jundiai-clima-ameno-sol-frio-nublado.jpg 738w, https:\/\/tvtecjundiai.com.br\/news\/wp-content\/uploads\/sites\/2\/2022\/09\/jundiai-clima-ameno-sol-frio-nublado-300x202.jpg 300w\" sizes=\"auto, (max-width: 658px) 100vw, 658px\" \/><\/figure>\n<\/div>\n\n\n<p><strong>Confira a previs\u00e3o detalhada, de acordo com o Climatempo<\/strong><\/p>\n\n\n\n<p><strong>Ter\u00e7a-feira (6):<\/strong>\u00a0Sol com algumas nuvens e pancadas de chuva r\u00e1pidas durante o dia e \u00e0 noite. Os term\u00f4metros ficam entre 13\u00b0C e 26\u00b0C.<\/p>\n\n\n\n<p><strong>Quarta-feira (7):<\/strong>\u00a0No feriado de proclama\u00e7\u00e3o da Independ\u00eancia, o dia deve ser de sol com algumas nuvens e pancadas de chuva \u00e0 tarde e \u00e0 noite, que devem somar 15mm. Os term\u00f4metros devem ficar entre 14\u00b0C e 27\u00b0C.<\/p>\n\n\n\n<p><strong>Quinta-feira (8):<\/strong>\u00a0Sol com algumas nuvens, sem chuva. Os term\u00f4metros apresentam leve melhora, ficando entre 15\u00b0C e 29\u00b0C.<\/p>\n\n\n\n<p><strong>Sexta-feira (9):<\/strong>\u00a0Sol com algumas nuvens, sem chuva. Os term\u00f4metros ficam entre 17\u00b0C e 31\u00b0C, atingindo a m\u00e1xima prevista para a semana.<\/p>\n\n\n\n<p><strong><em>(Fonte: TVTEC Jundia\u00ed\/Imagem: Jo\u00e3o Gibb)<\/em><\/strong><\/p>\n","protected":false},"excerpt":{"rendered":"<p>Segundo o Climatempo, os term\u00f4metros devem ficar entre 12\u00b0C e 31\u00b0C<\/p>\n","protected":false},"author":30,"featured_media":98001,"comment_status":"closed","ping_status":"0","sticky":false,"template":"","format":"standard","meta":{"footnotes":""},"categories":[3185,29,8356,1],"tags":[],"class_list":["post-98000","post","type-post","status-publish","format-standard","has-post-thumbnail","hentry","category-clima","category-destaque","category-jundiai","category-noticias"],"_links":{"self":[{"href":"https:\/\/tvtecjundiai.com.br\/news\/wp-json\/wp\/v2\/posts\/98000","targetHints":{"allow":["GET"]}}],"collection":[{"href":"https:\/\/tvtecjundiai.com.br\/news\/wp-json\/wp\/v2\/posts"}],"about":[{"href":"https:\/\/tvtecjundiai.com.br\/news\/wp-json\/wp\/v2\/types\/post"}],"author":[{"embeddable":true,"href":"https:\/\/tvtecjundiai.com.br\/news\/wp-json\/wp\/v2\/users\/30"}],"replies":[{"embeddable":true,"href":"https:\/\/tvtecjundiai.com.br\/news\/wp-json\/wp\/v2\/comments?post=98000"}],"version-history":[{"count":1,"href":"https:\/\/tvtecjundiai.com.br\/news\/wp-json\/wp\/v2\/posts\/98000\/revisions"}],"predecessor-version":[{"id":98002,"href":"https:\/\/tvtecjundiai.com.br\/news\/wp-json\/wp\/v2\/posts\/98000\/revisions\/98002"}],"wp:featuredmedia":[{"embeddable":true,"href":"https:\/\/tvtecjundiai.com.br\/news\/wp-json\/wp\/v2\/media\/98001"}],"wp:attachment":[{"href":"https:\/\/tvtecjundiai.com.br\/news\/wp-json\/wp\/v2\/media?parent=98000"}],"wp:term":[{"taxonomy":"category","embeddable":true,"href":"https:\/\/tvtecjundiai.com.br\/news\/wp-json\/wp\/v2\/categories?post=98000"},{"taxonomy":"post_tag","embeddable":true,"href":"https:\/\/tvtecjundiai.com.br\/news\/wp-json\/wp\/v2\/tags?post=98000"}],"curies":[{"name":"wp","href":"https:\/\/api.w.org\/{rel}","templated":true}]}}