{"id":98003,"date":"2022-09-05T11:51:25","date_gmt":"2022-09-05T14:51:25","guid":{"rendered":"https:\/\/tvtecjundiai.com.br\/news\/?p=98003"},"modified":"2022-09-05T11:57:44","modified_gmt":"2022-09-05T14:57:44","slug":"tenda-atacado-esta-com-18-vagas-de-emprego-abertas-em-jundiai","status":"publish","type":"post","link":"https:\/\/tvtecjundiai.com.br\/news\/2022\/09\/05\/tenda-atacado-esta-com-18-vagas-de-emprego-abertas-em-jundiai\/","title":{"rendered":"Tenda Atacado est\u00e1 com 18 vagas de emprego abertas em Jundia\u00ed"},"content":{"rendered":"\n<p>O supermercado Tenda Atacado est\u00e1 com 18 vagas de emprego abertas em Jundia\u00ed. As oportunidades s\u00e3o para operador de vendas, atendente de lanchonete, encarregado de supermercado, fiscal de preven\u00e7\u00e3o de perdas, conferente de carga e descarga, t\u00e9cnico de apoio ao usu\u00e1rio de inform\u00e1tica, a\u00e7ougueiro e repositor.<\/p>\n\n\n\n<p>Os interessados podem se inscrever pelo <a href=\"https:\/\/web.jundiai.sp.gov.br\/PMJ\/emprega\/Vaga#\" data-type=\"URL\" data-id=\"https:\/\/web.jundiai.sp.gov.br\/PMJ\/emprega\/Vaga#\">Portal Jundia\u00ed Empreendedora<\/a>, da Prefeitura de Jundia\u00ed. Basta digitar \u201cTenda Atacado\u201d e clicar em \u201cBuscar\u201d.<\/p>\n\n\n<div class=\"wp-block-image\">\n<figure class=\"aligncenter size-large is-resized\"><img loading=\"lazy\" decoding=\"async\" src=\"https:\/\/tvtecjundiai.com.br\/news\/wp-content\/uploads\/sites\/2\/2022\/09\/tenda-atacado-vagas-jundiai-edited-1200x800.png\" alt=\"\" class=\"wp-image-98004\" width=\"708\" height=\"472\" srcset=\"https:\/\/tvtecjundiai.com.br\/news\/wp-content\/uploads\/sites\/2\/2022\/09\/tenda-atacado-vagas-jundiai-edited-1200x800.png 1200w, https:\/\/tvtecjundiai.com.br\/news\/wp-content\/uploads\/sites\/2\/2022\/09\/tenda-atacado-vagas-jundiai-edited-300x200.png 300w, https:\/\/tvtecjundiai.com.br\/news\/wp-content\/uploads\/sites\/2\/2022\/09\/tenda-atacado-vagas-jundiai-edited-768x512.png 768w, https:\/\/tvtecjundiai.com.br\/news\/wp-content\/uploads\/sites\/2\/2022\/09\/tenda-atacado-vagas-jundiai-edited.png 1280w\" sizes=\"auto, (max-width: 708px) 100vw, 708px\" \/><\/figure>\n<\/div>\n\n\n<p><strong>VAGAS \u2013 TENDA ATACADO<\/strong><\/p>\n\n\n\n<ul class=\"wp-block-list\"><li>Operador de vendas &#8211; 5 vagas<\/li><li>Atendente de lanchonete &#8211; 1 vaga<\/li><li>Encarregado de supermercado &#8211; 1 vaga<\/li><li>Fiscal de preven\u00e7\u00e3o de perdas &#8211; 3 vagas<\/li><li>Conferente de carga e descarga &#8211; 1 vaga<\/li><li>T\u00e9cnico de apoio ao usu\u00e1rio de inform\u00e1tica &#8211; 1 vaga<\/li><li>A\u00e7ougueiro &#8211; 1 vaga<\/li><li>Repositor &#8211; 5 vagas<\/li><\/ul>\n\n\n\n<p><em><strong>(Fonte: TVTEC Jundia\u00ed\/Imagem: Divulga\u00e7\u00e3o\/Tenda Atacado)<\/strong><\/em><\/p>\n","protected":false},"excerpt":{"rendered":"<p>Os interessados podem se inscrever pelo Portal Jundia\u00ed Empreendedora<\/p>\n","protected":false},"author":30,"featured_media":98004,"comment_status":"closed","ping_status":"0","sticky":false,"template":"","format":"standard","meta":{"footnotes":""},"categories":[5038,8363,8356,1],"tags":[],"class_list":["post-98003","post","type-post","status-publish","format-standard","has-post-thumbnail","hentry","category-emprego","category-emprego-2","category-jundiai","category-noticias"],"_links":{"self":[{"href":"https:\/\/tvtecjundiai.com.br\/news\/wp-json\/wp\/v2\/posts\/98003","targetHints":{"allow":["GET"]}}],"collection":[{"href":"https:\/\/tvtecjundiai.com.br\/news\/wp-json\/wp\/v2\/posts"}],"about":[{"href":"https:\/\/tvtecjundiai.com.br\/news\/wp-json\/wp\/v2\/types\/post"}],"author":[{"embeddable":true,"href":"https:\/\/tvtecjundiai.com.br\/news\/wp-json\/wp\/v2\/users\/30"}],"replies":[{"embeddable":true,"href":"https:\/\/tvtecjundiai.com.br\/news\/wp-json\/wp\/v2\/comments?post=98003"}],"version-history":[{"count":2,"href":"https:\/\/tvtecjundiai.com.br\/news\/wp-json\/wp\/v2\/posts\/98003\/revisions"}],"predecessor-version":[{"id":98006,"href":"https:\/\/tvtecjundiai.com.br\/news\/wp-json\/wp\/v2\/posts\/98003\/revisions\/98006"}],"wp:featuredmedia":[{"embeddable":true,"href":"https:\/\/tvtecjundiai.com.br\/news\/wp-json\/wp\/v2\/media\/98004"}],"wp:attachment":[{"href":"https:\/\/tvtecjundiai.com.br\/news\/wp-json\/wp\/v2\/media?parent=98003"}],"wp:term":[{"taxonomy":"category","embeddable":true,"href":"https:\/\/tvtecjundiai.com.br\/news\/wp-json\/wp\/v2\/categories?post=98003"},{"taxonomy":"post_tag","embeddable":true,"href":"https:\/\/tvtecjundiai.com.br\/news\/wp-json\/wp\/v2\/tags?post=98003"}],"curies":[{"name":"wp","href":"https:\/\/api.w.org\/{rel}","templated":true}]}}