{"id":98013,"date":"2022-09-05T13:42:26","date_gmt":"2022-09-05T16:42:26","guid":{"rendered":"https:\/\/tvtecjundiai.com.br\/news\/?p=98013"},"modified":"2022-09-05T13:42:27","modified_gmt":"2022-09-05T16:42:27","slug":"biblioteca-municipal-recebe-nova-exposicao-fluindo-com-os-anjos","status":"publish","type":"post","link":"https:\/\/tvtecjundiai.com.br\/news\/2022\/09\/05\/biblioteca-municipal-recebe-nova-exposicao-fluindo-com-os-anjos\/","title":{"rendered":"Biblioteca Municipal recebe nova exposi\u00e7\u00e3o &#8220;Fluindo com os Anjos&#8221;"},"content":{"rendered":"\n<p>At\u00e9 o dia 29 de setembro, o p\u00fablico poder\u00e1 conferir na Galeria Jundia\u00ed, da Biblioteca P\u00fablica Municipal Prof. Nelson Foot (BNF), a exposi\u00e7\u00e3o \u201c Fluindo com os Anjos\u201d, da design de interiores Juliana Lopes Ferreira \u2013 Ju Le Fer. A mostra marca sua estreia no mundo das artes visuais com pinturas abstratas.<\/p>\n\n\n\n<p>Natural de Jundia\u00ed, Ju Le Fer tem 29 anos e se considera uma alma inquieta, o que tem possibilitado transitar com desenvoltura entre v\u00e1rias experi\u00eancias art\u00edsticas, at\u00e9 chegar a esse momento onde v\u00ea transformado em realidade o que antes s\u00f3 habitava seu mundo mental.<\/p>\n\n\n<div class=\"wp-block-image\">\n<figure class=\"aligncenter size-full is-resized\"><img loading=\"lazy\" decoding=\"async\" src=\"https:\/\/tvtecjundiai.com.br\/news\/wp-content\/uploads\/sites\/2\/2022\/09\/exposicao-jundiai-biblioteca.jpg\" alt=\"\" class=\"wp-image-98014\" width=\"681\" height=\"413\" srcset=\"https:\/\/tvtecjundiai.com.br\/news\/wp-content\/uploads\/sites\/2\/2022\/09\/exposicao-jundiai-biblioteca.jpg 961w, https:\/\/tvtecjundiai.com.br\/news\/wp-content\/uploads\/sites\/2\/2022\/09\/exposicao-jundiai-biblioteca-300x182.jpg 300w, https:\/\/tvtecjundiai.com.br\/news\/wp-content\/uploads\/sites\/2\/2022\/09\/exposicao-jundiai-biblioteca-768x467.jpg 768w\" sizes=\"auto, (max-width: 681px) 100vw, 681px\" \/><\/figure>\n<\/div>\n\n\n<p>\u201cFluindo com os Anjos\u201d \u00e9 o resultado da entrega da artista a sua arte e da sua busca constante pelo conhecimento. Em suas telas abstratas e de cores marcantes Ju Le Fer espera mostrar ao p\u00fablico as suas vulnerabilidades, caos, medos, ansiedades e suas emo\u00e7\u00f5es t\u00e3o presentes em sua ess\u00eancia e o quanto sua arte tem sido libertadora.<\/p>\n\n\n\n<p>As telas que comp\u00f5em a mostra \u201c Fluindo com os Anjos\u201d podem ser visitadas de segunda a sexta-feira, das 9h \u00e0s 21h e aos s\u00e1bados e feriados das 9h \u00e0s 13h. A entrada \u00e9 gratuita. A Biblioteca est\u00e1 localizada dentro do Complexo Argos, na avenida Dr. Cavalcanti, 396 \u2013 Vila Arens. Mais informa\u00e7\u00f5es pelo telefone (11) 4527-2110.<\/p>\n\n\n<div class=\"wp-block-image\">\n<figure class=\"aligncenter size-full is-resized\"><img decoding=\"async\" src=\"https:\/\/tvtecjundiai.com.br\/news\/wp-content\/uploads\/sites\/2\/2022\/09\/fluindo1-1-edited.jpeg\" alt=\"\" class=\"wp-image-98016\" width=\"572\" srcset=\"https:\/\/tvtecjundiai.com.br\/news\/wp-content\/uploads\/sites\/2\/2022\/09\/fluindo1-1-edited.jpeg 857w, https:\/\/tvtecjundiai.com.br\/news\/wp-content\/uploads\/sites\/2\/2022\/09\/fluindo1-1-edited-300x225.jpeg 300w, https:\/\/tvtecjundiai.com.br\/news\/wp-content\/uploads\/sites\/2\/2022\/09\/fluindo1-1-edited-768x576.jpeg 768w\" sizes=\"(max-width: 857px) 100vw, 857px\" \/><\/figure>\n<\/div>\n\n\n<p><em><strong>(Fonte: Prefeitura de Jundia\u00ed\/Imagens: Divulga\u00e7\u00e3o)<\/strong><\/em><\/p>\n","protected":false},"excerpt":{"rendered":"<p>Mostra da jundiaiense Ju Le Fer fica dispon\u00edvel para visita\u00e7\u00e3o at\u00e9 dia 29 de setembro<\/p>\n","protected":false},"author":30,"featured_media":98014,"comment_status":"closed","ping_status":"0","sticky":false,"template":"","format":"standard","meta":{"footnotes":""},"categories":[2833,8356,1],"tags":[],"class_list":["post-98013","post","type-post","status-publish","format-standard","has-post-thumbnail","hentry","category-cultura","category-jundiai","category-noticias"],"_links":{"self":[{"href":"https:\/\/tvtecjundiai.com.br\/news\/wp-json\/wp\/v2\/posts\/98013","targetHints":{"allow":["GET"]}}],"collection":[{"href":"https:\/\/tvtecjundiai.com.br\/news\/wp-json\/wp\/v2\/posts"}],"about":[{"href":"https:\/\/tvtecjundiai.com.br\/news\/wp-json\/wp\/v2\/types\/post"}],"author":[{"embeddable":true,"href":"https:\/\/tvtecjundiai.com.br\/news\/wp-json\/wp\/v2\/users\/30"}],"replies":[{"embeddable":true,"href":"https:\/\/tvtecjundiai.com.br\/news\/wp-json\/wp\/v2\/comments?post=98013"}],"version-history":[{"count":1,"href":"https:\/\/tvtecjundiai.com.br\/news\/wp-json\/wp\/v2\/posts\/98013\/revisions"}],"predecessor-version":[{"id":98017,"href":"https:\/\/tvtecjundiai.com.br\/news\/wp-json\/wp\/v2\/posts\/98013\/revisions\/98017"}],"wp:featuredmedia":[{"embeddable":true,"href":"https:\/\/tvtecjundiai.com.br\/news\/wp-json\/wp\/v2\/media\/98014"}],"wp:attachment":[{"href":"https:\/\/tvtecjundiai.com.br\/news\/wp-json\/wp\/v2\/media?parent=98013"}],"wp:term":[{"taxonomy":"category","embeddable":true,"href":"https:\/\/tvtecjundiai.com.br\/news\/wp-json\/wp\/v2\/categories?post=98013"},{"taxonomy":"post_tag","embeddable":true,"href":"https:\/\/tvtecjundiai.com.br\/news\/wp-json\/wp\/v2\/tags?post=98013"}],"curies":[{"name":"wp","href":"https:\/\/api.w.org\/{rel}","templated":true}]}}