{"id":98024,"date":"2022-09-05T16:24:20","date_gmt":"2022-09-05T19:24:20","guid":{"rendered":"https:\/\/tvtecjundiai.com.br\/news\/?p=98024"},"modified":"2022-09-05T16:24:21","modified_gmt":"2022-09-05T19:24:21","slug":"mais-de-500-mil-veiculos-devem-deixar-sao-paulo-neste-feriado-de-independencia","status":"publish","type":"post","link":"https:\/\/tvtecjundiai.com.br\/news\/2022\/09\/05\/mais-de-500-mil-veiculos-devem-deixar-sao-paulo-neste-feriado-de-independencia\/","title":{"rendered":"Mais de 500 mil ve\u00edculos devem deixar S\u00e3o Paulo neste feriado de Independ\u00eancia"},"content":{"rendered":"\n<p>As 20 concession\u00e1rias integrantes do Programa de Concess\u00f5es Rodovi\u00e1rias do Governo do Estado de S\u00e3o Paulo, regulado pela ARTESP &#8211; Ag\u00eancia de Transporte do Estado de S\u00e3o Paulo ter\u00e3o refor\u00e7os operacionais neste Feriado da Independ\u00eancia. Somente nas principais rodovias de sa\u00edda da capital paulista a previs\u00e3o \u00e9 de que mais de 500 mil ve\u00edculos sigam sentido litoral e interior. J\u00e1 pelas principais rodovias administradas pelo Departamento de Estradas de Rodagem (DER) h\u00e1 expectativa de tr\u00e1fego de 167 mil ve\u00edculos.&nbsp;<\/p>\n\n\n\n<p>Para promover mais seguran\u00e7a e conforto aos usu\u00e1rios neste feriado, os Centros de Controle Operacionais (CCOs) das concession\u00e1rias, que fazem a gest\u00e3o de 11,1 mil quil\u00f4metros da malha concedida, contar\u00e3o com refor\u00e7o nos equipamentos para inspe\u00e7\u00e3o do tr\u00e1fego e apoio, com\u00a0 cerca de 640 contadores veiculares (SATs), 3.100 c\u00e2meras CFTV,\u00a0 400 pain\u00e9is de mensagens vari\u00e1veis (com informa\u00e7\u00f5es sobre as condi\u00e7\u00f5es da rodovia) e cerca de 7.300\u00a0 call boxes ( telefones de emerg\u00eancia), al\u00e9m de pontos de wi-fi e esta\u00e7\u00f5es meteorol\u00f3gicas.\u00a0<\/p>\n\n\n\n<p>Al\u00e9m disso, tamb\u00e9m haver\u00e1 refor\u00e7o nos servi\u00e7os de atendimento m\u00e9dico, mec\u00e2nico e no Servi\u00e7o de Atendimento ao Usu\u00e1rio (SAU). Os recursos incluem mais de 750 ve\u00edculos, entre guinchos leves e pesados, ve\u00edculos de inspe\u00e7\u00e3o de tr\u00e1fego, unidades de resgate, caminh\u00e3o pipa e resgate de animais.&nbsp;<\/p>\n\n\n\n<p>As concession\u00e1rias reguladas pela ARTESP tamb\u00e9m manter\u00e3o a<strong>\u00a0<\/strong>Opera\u00e7\u00e3o Visibilidade, que consiste no posicionamento de viaturas operacionais em pontos estrat\u00e9gicos, para permitir maior agilidade e seguran\u00e7a no atendimento para quem trafega pelas rodovias estaduais.\u00a0\u00a0<\/p>\n\n\n\n<p>A opera\u00e7\u00e3o especial neste\u00a0Feriado da Independ\u00eancia\u00a0tamb\u00e9m contempla o Rodoanel, tanto nos trechos Leste e Sul \u2013 operados pela concession\u00e1ria SPMar, quanto no trecho Oeste, sob gest\u00e3o da concession\u00e1ria CCR Rodoanel.\u00a0<\/p>\n\n\n\n<p>A ARTESP monitorar\u00e1 a opera\u00e7\u00e3o nas rodovias concedidas a partir do Centro de Controle de Informa\u00e7\u00f5es (CCI), de onde \u00e9 poss\u00edvel acompanhar em tempo real o tr\u00e1fego, por meio de c\u00e2meras (CFTV\u2019S), telefones de emerg\u00eancia (call box), aplicativos de mensagens e redes sociais.\u00a0<\/p>\n\n\n\n<p><\/p>\n\n\n<div class=\"wp-block-image\">\n<figure class=\"aligncenter size-full is-resized\"><img loading=\"lazy\" decoding=\"async\" src=\"https:\/\/tvtecjundiai.com.br\/news\/wp-content\/uploads\/sites\/2\/2022\/09\/unnamed.jpg\" alt=\"\" class=\"wp-image-98025\" width=\"499\" height=\"324\" srcset=\"https:\/\/tvtecjundiai.com.br\/news\/wp-content\/uploads\/sites\/2\/2022\/09\/unnamed.jpg 431w, https:\/\/tvtecjundiai.com.br\/news\/wp-content\/uploads\/sites\/2\/2022\/09\/unnamed-300x195.jpg 300w\" sizes=\"auto, (max-width: 499px) 100vw, 499px\" \/><figcaption><strong><em>Imagem: Autoban<\/em><\/strong><\/figcaption><\/figure>\n<\/div>\n\n\n<p><strong>RODOVIAS DO DER<\/strong><\/p>\n\n\n\n<p>As rodovias administradas pelo Departamento de Estradas de Rodagem (DER) que saem ou recebem ve\u00edculos da capital esperam ter um volume de 167 mil ve\u00edculos neste feriado. O Departamento refor\u00e7ar\u00e1 o atendimento operacional com viaturas dispostas em pontos estrat\u00e9gicos das rodovias, com equipamentos para auxiliar o monitoramento &#8211; entre eles, contadores veiculares \u2013 SATs (para estudo de tr\u00e1fego), c\u00e2meras CFTV e pain\u00e9is de mensagens vari\u00e1veis (com informa\u00e7\u00f5es sobre as condi\u00e7\u00f5es da rodovia).\u00a0\u00a0Al\u00e9m disso, as rodovias administradas pelo Departamento contar\u00e3o com apoio operacional composto por\u00a0guinchos leves e pesados, caminhonetes de inspe\u00e7\u00e3o distribu\u00eddos nas principais vias do Estado, al\u00e9m das Unidades B\u00e1sicas de Atendimento (UBAs), que estar\u00e3o \u00e0 disposi\u00e7\u00e3o dos usu\u00e1rios 24 horas por dia.<\/p>\n\n\n\n<p><\/p>\n\n\n\n<p><strong>MOVIMENTA\u00c7\u00c3O NAS PRINCIPAIS VIAS CONCEDIDAS<\/strong><\/p>\n\n\n\n<p>A previs\u00e3o \u00e9 de aumento no fluxo de ve\u00edculos a partir da 0h da quarta-feira (7\/07), sentido litoral e interior. J\u00e1 na volta do feriado, h\u00e1 previs\u00e3o de tr\u00e1fego intenso durante todo o dia.<\/p>\n\n\n\n<p><strong>No Sistema Anchieta-Imigrantes (SAI)<\/strong>&nbsp;s\u00e3o esperados entre 65 mil e 100 mil ve\u00edculos que devem seguir para o litoral pelas rodovias Anchieta (SP-150) e Imigrantes (SP-160), entre ter\u00e7a (6\/09) e quarta (7\/09).&nbsp; N\u00e3o haver\u00e1 opera\u00e7\u00e3o especial no sistema SAI neste feriado.&nbsp;&nbsp;<\/p>\n\n\n\n<p><strong>Na Rodovia dos Tamoios (SP-098)<\/strong>, cerca de&nbsp;<strong>16 mil ve\u00edculos&nbsp;<\/strong>devem utilizar as pistas rumo ao Litoral Norte durante o feriado da Independ\u00eancia, quando ser\u00e1 montada opera\u00e7\u00e3o especial. A serra antiga ser\u00e1 utilizada como pista de descida (S\u00e3o Jos\u00e9 dos Campos &#8211; Caraguatatuba) e a nova para subida (Caraguatatuba &#8211; S\u00e3o Jos\u00e9 dos Campos).&nbsp; Haver\u00e1 tamb\u00e9m restri\u00e7\u00e3o aos ve\u00edculos de carga na quarta-feira: no sentido Litoral das 8h \u00e0s 12h; e no sentido S. J. Campos das 15h \u00e0s 23h.<\/p>\n\n\n\n<p><strong>A previs\u00e3o para o&nbsp;<\/strong><strong>Corredor Ayrton Senna-Carvalho Pinto<\/strong>&nbsp;\u00e9 de que cerca de 165 mil ve\u00edculos passem pelas quatro pra\u00e7as de ped\u00e1gio do corredor, nos dois sentidos, entre \u00e0&nbsp;0h e \u00e0s 23h59 da quarta-feira (7\/09)<em>.<\/em>&nbsp;O fluxo de ve\u00edculos deve ser mais intenso no sentido&nbsp; interior, das 08h \u00e0s 14h. J\u00e1 o retorno para S\u00e3o Paulo, deve ter tr\u00e1fego maior entre 12h e 19h.<\/p>\n\n\n\n<p><strong>No Sistema Anhanguera-Bandeirantes,&nbsp;<\/strong>aestimativa \u00e9 de que132 mil ve\u00edculoscirculem pelas rodovias, entre sa\u00edda e chegada \u00e0 capital.&nbsp;Os hor\u00e1rios de fluxo mais intenso est\u00e3o previstos para os per\u00edodos das 16h \u00e0s 19h de ter\u00e7a-feira (dia 6) e das 9h \u00e0s 10h de quarta-feira (7), no sentido interior. No retorno, o maior movimento deve ocorrer das 17h \u00e0s 18h, no sentido Capital.&nbsp; Durante o feriado estar\u00e1 em vigor a&nbsp;<strong>Opera\u00e7\u00e3o Caminh\u00e3o<\/strong>. Dessa forma, esses ve\u00edculos que se destinam \u00e0 capital pela Rodovia dos Bandeirantes (SP-348) devem utilizar a Via Anhanguera (SP-330) no trecho do km 48 ao km 23, entre Jundia\u00ed e S\u00e3o Paulo, acessando a rodovia pela sa\u00edda 48 da Bandeirantes. O desvio tem como objetivo melhorar a distribui\u00e7\u00e3o do tr\u00e1fego.&nbsp;<\/p>\n\n\n\n<p>O&nbsp;<strong>Sistema Castello Branco-Raposo Tavares<\/strong>&nbsp;e o trecho&nbsp;<strong>Oeste do Rodoanel<\/strong>&nbsp;devem receber mais de 280 mil ve\u00edculos nesta quarta-feira (7\/09). Deste total, 114&nbsp;mil ve\u00edculos devem circular na Rodovia Castelo Branco (SP-280) e Raposo Tavares (SP-270) e cerca de 172 mil devem passar pelo trecho Oeste do Rodoanel.<\/p>\n\n\n\n<p>Na ter\u00e7a-feira, a previs\u00e3o nas duas rodovias \u00e9 que o movimento seja maior das 16h \u00e0s 19h. Na quarta-feira, o fluxo deve ser intenso das 9h \u00e0s 10h. Para o retorno do feriado, na quarta-feira, a concession\u00e1ria estima maior concentra\u00e7\u00e3o de ve\u00edculos, no sentido capital,\u00a0das 17h \u00e0s 18h.\u00a0 J\u00e1 no trecho Oeste do Rodoanel h\u00e1 previs\u00e3o de movimento intenso para ter\u00e7a-feira, das 16h \u00e0s 19h, e na quarta, a expectativa \u00e9 de tr\u00e1fego normal durante todo o feriado.\u00a0<\/p>\n\n\n\n<p><\/p>\n\n\n\n<p><strong>Movimenta\u00e7\u00e3o nas rodovias do DER&nbsp;<\/strong><\/p>\n\n\n\n<p>Rodovia Manoel Hyppolito Rego (SP-055) &#8211; &nbsp; &nbsp; &nbsp; &nbsp; &nbsp; &nbsp; 23.241&nbsp;<\/p>\n\n\n\n<p>Rodovia Padre Manoel da N\u00f3brega (SP- 055)- &nbsp; &nbsp; &nbsp; &nbsp; &nbsp; &nbsp; 39.256<\/p>\n\n\n\n<p>Rodovia D. Paulo R. Loureiro (SP-098) (Mogi-Bertioga) &#8211; 8.032<\/p>\n\n\n\n<p>Rodovia Oswaldo Cruz (SP-125)&nbsp; &#8211;&nbsp; &nbsp; &nbsp; &nbsp; &nbsp; &nbsp; &nbsp; &nbsp; &nbsp; &nbsp; &nbsp; &nbsp; &nbsp; &nbsp; &nbsp; 5.304<\/p>\n\n\n\n<p>Rodovia Raposo Tavares (SP-270)&nbsp; &#8211;&nbsp; &nbsp; &nbsp; &nbsp; &nbsp; &nbsp; &nbsp; &nbsp; &nbsp; &nbsp; &nbsp; &nbsp; &nbsp; 81.285&nbsp;<\/p>\n\n\n\n<p>Rodovia Floriano Rodrigues Pinheiro (SP 123)<strong>\u00a0 &#8211;\u00a0 \u00a0 \u00a0 \u00a0\u00a0<\/strong>10.026<\/p>\n\n\n\n<p><\/p>\n\n\n\n<p><strong>EMERG\u00caNCIAS<\/strong><\/p>\n\n\n\n<p>Contatos de emerg\u00eancia das concession\u00e1rias que administram a malha rodovi\u00e1ria paulista e do DER:&nbsp;&nbsp;&nbsp;<\/p>\n\n\n\n<p>AUTOBAN 0800.055.55.50<\/p>\n\n\n\n<p>AUTOVIAS 0800.707.9000<\/p>\n\n\n\n<p>CART 0800.773.0090&nbsp;<\/p>\n\n\n\n<p>CENTROVIAS 0800.17.89.98<\/p>\n\n\n\n<p>COLINAS 0800.703.5080<\/p>\n\n\n\n<p>ECOPISTAS 0800.777.0070<\/p>\n\n\n\n<p>ECOVIAS 0800.19.78.78<\/p>\n\n\n\n<p>ENTREVIAS &nbsp; &nbsp; &nbsp; &nbsp; &nbsp; &nbsp; &nbsp; 0800 3000 333<\/p>\n\n\n\n<p>INTERVIAS 0800.707.1414<\/p>\n\n\n\n<p>RENOVIAS 0800.055.96.96<\/p>\n\n\n\n<p>RODOANEL OESTE 0800.773.6699&nbsp;<\/p>\n\n\n\n<p>RODOVIAS DO TIET\u00ca 0800.770.3322<\/p>\n\n\n\n<p>ROTA DAS BANDEIRAS 0800.770.8070<\/p>\n\n\n\n<p>SPMAR 0800.774.8877<\/p>\n\n\n\n<p>SPVIAS 0800.703.5030<\/p>\n\n\n\n<p>TEBE 0800.55.11.67<\/p>\n\n\n\n<p>TRI\u00c2NGULO DO SOL 0800.701.1609<\/p>\n\n\n\n<p>TAMOIOS 0800.545.0000<\/p>\n\n\n\n<p>VIAOESTE 0800.701.5555<\/p>\n\n\n\n<p>VIARONDON 0800.729.9300<\/p>\n\n\n\n<p>VIAPAULISTA 0800.001.1255<\/p>\n\n\n\n<p>DER\u00a0 0800 055 55 10<\/p>\n\n\n\n<p><\/p>\n\n\n\n<p><strong><em>(Fonte: Artesp \/ Imagem: Autoban)<\/em><\/strong><\/p>\n","protected":false},"excerpt":{"rendered":"<p>A estimativa \u00e9 de que 132 mil ve\u00edculos circulem pelo sistema Anhanguera-Bandeirantes, entre sa\u00edda e chegada \u00e0 capital. <\/p>\n","protected":false},"author":19,"featured_media":98025,"comment_status":"closed","ping_status":"0","sticky":false,"template":"","format":"standard","meta":{"footnotes":""},"categories":[1],"tags":[],"class_list":["post-98024","post","type-post","status-publish","format-standard","has-post-thumbnail","hentry","category-noticias"],"_links":{"self":[{"href":"https:\/\/tvtecjundiai.com.br\/news\/wp-json\/wp\/v2\/posts\/98024","targetHints":{"allow":["GET"]}}],"collection":[{"href":"https:\/\/tvtecjundiai.com.br\/news\/wp-json\/wp\/v2\/posts"}],"about":[{"href":"https:\/\/tvtecjundiai.com.br\/news\/wp-json\/wp\/v2\/types\/post"}],"author":[{"embeddable":true,"href":"https:\/\/tvtecjundiai.com.br\/news\/wp-json\/wp\/v2\/users\/19"}],"replies":[{"embeddable":true,"href":"https:\/\/tvtecjundiai.com.br\/news\/wp-json\/wp\/v2\/comments?post=98024"}],"version-history":[{"count":1,"href":"https:\/\/tvtecjundiai.com.br\/news\/wp-json\/wp\/v2\/posts\/98024\/revisions"}],"predecessor-version":[{"id":98026,"href":"https:\/\/tvtecjundiai.com.br\/news\/wp-json\/wp\/v2\/posts\/98024\/revisions\/98026"}],"wp:featuredmedia":[{"embeddable":true,"href":"https:\/\/tvtecjundiai.com.br\/news\/wp-json\/wp\/v2\/media\/98025"}],"wp:attachment":[{"href":"https:\/\/tvtecjundiai.com.br\/news\/wp-json\/wp\/v2\/media?parent=98024"}],"wp:term":[{"taxonomy":"category","embeddable":true,"href":"https:\/\/tvtecjundiai.com.br\/news\/wp-json\/wp\/v2\/categories?post=98024"},{"taxonomy":"post_tag","embeddable":true,"href":"https:\/\/tvtecjundiai.com.br\/news\/wp-json\/wp\/v2\/tags?post=98024"}],"curies":[{"name":"wp","href":"https:\/\/api.w.org\/{rel}","templated":true}]}}