{"id":9805,"date":"2018-05-04T14:33:13","date_gmt":"2018-05-04T17:33:13","guid":{"rendered":"https:\/\/tvtecjundiai.com.br\/news\/?p=9805"},"modified":"2018-05-04T14:35:01","modified_gmt":"2018-05-04T17:35:01","slug":"polytheama-recebe-orquestra-sinfonica-de-santo-andre","status":"publish","type":"post","link":"https:\/\/tvtecjundiai.com.br\/news\/2018\/05\/04\/polytheama-recebe-orquestra-sinfonica-de-santo-andre\/","title":{"rendered":"Polytheama recebe Orquestra Sinf\u00f4nica de Santo Andr\u00e9"},"content":{"rendered":"<div id=\"attachment_9806\" style=\"width: 460px\" class=\"wp-caption alignright\"><a href=\"https:\/\/tvtecjundiai.com.br\/news\/wp-content\/uploads\/sites\/2\/2018\/05\/BLOG.png\"><img loading=\"lazy\" decoding=\"async\" aria-describedby=\"caption-attachment-9806\" class=\"wp-image-9806\" src=\"https:\/\/tvtecjundiai.com.br\/news\/wp-content\/uploads\/sites\/2\/2018\/05\/BLOG-300x117.png\" alt=\"\" width=\"450\" height=\"176\" srcset=\"https:\/\/tvtecjundiai.com.br\/news\/wp-content\/uploads\/sites\/2\/2018\/05\/BLOG-300x117.png 300w, https:\/\/tvtecjundiai.com.br\/news\/wp-content\/uploads\/sites\/2\/2018\/05\/BLOG-768x300.png 768w, https:\/\/tvtecjundiai.com.br\/news\/wp-content\/uploads\/sites\/2\/2018\/05\/BLOG.png 830w\" sizes=\"auto, (max-width: 450px) 100vw, 450px\" \/><\/a><p id=\"caption-attachment-9806\" class=\"wp-caption-text\">O total arrecadado com a venda de ingressos ser\u00e1 revertido \u00e0 Funda\u00e7\u00e3o Casa da Cultura, ao Instituto Luiz Braille e ao Coral Infanto-Juvenil Pio X<\/p><\/div>\n<p>Neste s\u00e1bado (5), \u00e0s 20h30, a Orquestra Sinf\u00f4nica de Santo Andr\u00e9 realiza uma apresenta\u00e7\u00e3o especial no Teatro Polytheama,\u00a0dentro da 21\u00aa edi\u00e7\u00e3o dos Concertos Astra-Finamax.<\/p>\n<p>Sob a reg\u00eancia do maestro Abel Rocha, a Sinf\u00f4nica apresentar\u00e1 um repert\u00f3rio diversificado, composto por obras de grandes compositores nacionais e internacionais. O destaque fica por conta da \u201cSinfonia no. 1\u201d, do alem\u00e3o Ludwig van Beethoven, e do cl\u00e1ssico \u201cPrel\u00fadio \u00e0 Bachiana Brasileira no. 4\u201d, de Heitor Villa-Lobos, um dos expoentes da m\u00fasica erudita no Brasil.<\/p>\n<p>\u201cElaboramos um programa comemorativo que remete ao primeiro concerto realizado pela Orquestra Sinf\u00f4nica de Santo Andr\u00e9. Vamos voltar no tempo e relembrar a hist\u00f3ria da OSSA\u201d, conta o regente Abel Rocha.<\/p>\n<p>Os interessados em prestigiar o concerto podem adquirir ingressos a R$ 10 na bilheteria do Teatro Polytheama ou atrav\u00e9s do site\u00a0<a href=\"http:\/\/www.ingressorapido.com.br\/\">www.ingressorapido.com.br<\/a>. O total arrecadado com a venda de ingressos ser\u00e1 revertido \u00e0 Funda\u00e7\u00e3o Casa da Cultura, ao Instituto Luiz Braille e ao Coral Infanto-Juvenil Pio X, todos de Jundia\u00ed.<\/p>\n<p><strong>Palestras educativas<\/strong><\/p>\n<p>Novidade na temporada 2018 dos Concertos Astra-Finamax, as palestras educativas em escolas p\u00fablicas de Jundia\u00ed pretendem aproximar os jovens da m\u00fasica erudita e quebrar tabus envolvendo o g\u00eanero musical. Desta vez, o encontro ser\u00e1 realizado com os alunos da E.E. Prof\u00aa. Albertina Fortarel, no dia 5 de maio, em dois hor\u00e1rios: das 8h15 \u00e0s 9h30 e das 9h50 \u00e0s 11h.<\/p>\n<p>O bate-papo, comandado pelo music\u00f3logo Daniel Motta, abordar\u00e1 Conceitos b\u00e1sicos sobre o que \u00e9 uma sinfonia, a forma sonata e a m\u00fasica program\u00e1tica ou descritiva, tipo de m\u00fasica que nos conta uma hist\u00f3ria ou ideia atrav\u00e9s apenas dos sons. Na ocasi\u00e3o, ser\u00e3o analisadas algumas das obras que comp\u00f5em repert\u00f3rio escolhido pela OSSA. Ao final, todos os estudantes que participarem da palestra ganhar\u00e3o um ingresso para o concerto da Orquestra.<\/p>\n<p>J\u00e1 no dia 5 de maio, \u00e0s 19h, antes do espet\u00e1culo da Sinf\u00f4nica de Santo Andr\u00e9, Motta apresenta a mesma palestra, desta vez aberta ao p\u00fablico, na Pinacoteca \u201cDi\u00f3genes Duarte Paes\u201d, localizada ao lado do Teatro Polytheama.<\/p>\n<p><em>Fonte: Cultura Jundia\u00ed<\/em><\/p>\n","protected":false},"excerpt":{"rendered":"<p>Apresenta\u00e7\u00e3o acontece no s\u00e1bado (5), \u00e0s 20h30<\/p>\n","protected":false},"author":10,"featured_media":9806,"comment_status":"closed","ping_status":"closed","sticky":false,"template":"","format":"standard","meta":{"footnotes":""},"categories":[2833],"tags":[84,5,3085,15],"class_list":["post-9805","post","type-post","status-publish","format-standard","has-post-thumbnail","hentry","category-cultura","tag-cultura","tag-jundiai","tag-orquestra-sinfonica-de-santo-andre","tag-tvtec"],"_links":{"self":[{"href":"https:\/\/tvtecjundiai.com.br\/news\/wp-json\/wp\/v2\/posts\/9805","targetHints":{"allow":["GET"]}}],"collection":[{"href":"https:\/\/tvtecjundiai.com.br\/news\/wp-json\/wp\/v2\/posts"}],"about":[{"href":"https:\/\/tvtecjundiai.com.br\/news\/wp-json\/wp\/v2\/types\/post"}],"author":[{"embeddable":true,"href":"https:\/\/tvtecjundiai.com.br\/news\/wp-json\/wp\/v2\/users\/10"}],"replies":[{"embeddable":true,"href":"https:\/\/tvtecjundiai.com.br\/news\/wp-json\/wp\/v2\/comments?post=9805"}],"version-history":[{"count":4,"href":"https:\/\/tvtecjundiai.com.br\/news\/wp-json\/wp\/v2\/posts\/9805\/revisions"}],"predecessor-version":[{"id":9810,"href":"https:\/\/tvtecjundiai.com.br\/news\/wp-json\/wp\/v2\/posts\/9805\/revisions\/9810"}],"wp:featuredmedia":[{"embeddable":true,"href":"https:\/\/tvtecjundiai.com.br\/news\/wp-json\/wp\/v2\/media\/9806"}],"wp:attachment":[{"href":"https:\/\/tvtecjundiai.com.br\/news\/wp-json\/wp\/v2\/media?parent=9805"}],"wp:term":[{"taxonomy":"category","embeddable":true,"href":"https:\/\/tvtecjundiai.com.br\/news\/wp-json\/wp\/v2\/categories?post=9805"},{"taxonomy":"post_tag","embeddable":true,"href":"https:\/\/tvtecjundiai.com.br\/news\/wp-json\/wp\/v2\/tags?post=9805"}],"curies":[{"name":"wp","href":"https:\/\/api.w.org\/{rel}","templated":true}]}}