{"id":98064,"date":"2022-09-06T16:05:08","date_gmt":"2022-09-06T19:05:08","guid":{"rendered":"https:\/\/tvtecjundiai.com.br\/news\/?p=98064"},"modified":"2022-09-06T16:05:13","modified_gmt":"2022-09-06T19:05:13","slug":"aberto-agendamento-para-mutirao-de-castracao-para-regiao-do-novo-horizonte","status":"publish","type":"post","link":"https:\/\/tvtecjundiai.com.br\/news\/2022\/09\/06\/aberto-agendamento-para-mutirao-de-castracao-para-regiao-do-novo-horizonte\/","title":{"rendered":"Aberto agendamento para Mutir\u00e3o de castra\u00e7\u00e3o para regi\u00e3o do Novo Horizonte"},"content":{"rendered":"\n<p>Nos pr\u00f3ximos dias 17 e 18 de setembro ocorrer\u00e1 o Mutir\u00e3o de Castra\u00e7\u00e3o de c\u00e3es e gatos para moradores do bairro jardim Novo Horizonte e regi\u00e3o. A castra\u00e7\u00e3o ocorrer\u00e1 na EMEB Ivo de Bona em ambas as datas. Para aqueles que querem castrar seu pet, as inscri\u00e7\u00f5es ser\u00e3o realizadas de maneira presencial nos dias 12 e 13 de setembro (segunda e ter\u00e7a-feira) no estacionamento da UPA do Novo Horizonte.<\/p>\n\n\n\n<p>Os interessados devem inicialmente fazer o cadastro do animal no&nbsp;site&nbsp;da Prefeitura de Jundia\u00ed&nbsp;<a href=\"https:\/\/jundiai.sp.gov.br\/planejamento-e-meio-ambiente\/departamento-do-bem-estar-animal\/coordenadora\/cadastro-de-animais-para-castracao\/\">atrav\u00e9s deste link<\/a>&nbsp;e comparecer pessoalmente na UPA, na segunda-feira (12) ou ter\u00e7a-feira (13), das 8h30 \u00e0s 16h&nbsp; para manifestar interesse na a\u00e7\u00e3o no bairro, agendar o hor\u00e1rio e receber instru\u00e7\u00f5es sobre o jejum do animal.<\/p>\n\n\n\n<p>\u201c\u00c9 preciso apresentar comprovante de resid\u00eancia e documento com foto para realizar o agendamento. O objetivo \u00e9 reduzir o descontrole populacional de c\u00e3es e gatos. Para isso, procuramos alternativas para ampliar a ades\u00e3o ao programa de castra\u00e7\u00e3o gratuita\u201d, explica a diretora do DEBEA, Daniela Ara\u00fajo Passos.&nbsp;<\/p>\n\n\n\n<p>A iniciativa \u00e9 do Departamento do Bem-Estar Animal (DEBEA), vinculado \u00e0 Unidade de Gest\u00e3o de Planejamento Urbano e Meio Ambiente (UGPUMA), e visa facilitar o acesso dos tutores de c\u00e3es e gatos que residem naquela regi\u00e3o.&nbsp;A meta \u00e9 conseguir castrar pelo menos 400 animais do bairro e regi\u00e3o.<\/p>\n\n\n\n<figure class=\"wp-block-image\"><img decoding=\"async\" src=\"https:\/\/jundiai.sp.gov.br\/noticias\/wp-content\/uploads\/sites\/32\/2021\/07\/castracao_debea-69.jpg\" alt=\"\" class=\"wp-image-272385\" \/><figcaption>DEBEA realiza castra\u00e7\u00e3o de c\u00e3es e gatos no Jardim Novo Horizonte<\/figcaption><\/figure>\n\n\n\n<p><strong><em>(Fonte\/Imagem: Prefeitura de Jundia\u00ed)<\/em><\/strong><\/p>\n","protected":false},"excerpt":{"rendered":"<p>A castra\u00e7\u00e3o ocorrer\u00e1 na EMEB Ivo de Bona nos dias 17 e 18 de setembro.<\/p>\n","protected":false},"author":27,"featured_media":98066,"comment_status":"closed","ping_status":"0","sticky":false,"template":"","format":"standard","meta":{"footnotes":""},"categories":[8356],"tags":[],"class_list":["post-98064","post","type-post","status-publish","format-standard","has-post-thumbnail","hentry","category-jundiai"],"_links":{"self":[{"href":"https:\/\/tvtecjundiai.com.br\/news\/wp-json\/wp\/v2\/posts\/98064","targetHints":{"allow":["GET"]}}],"collection":[{"href":"https:\/\/tvtecjundiai.com.br\/news\/wp-json\/wp\/v2\/posts"}],"about":[{"href":"https:\/\/tvtecjundiai.com.br\/news\/wp-json\/wp\/v2\/types\/post"}],"author":[{"embeddable":true,"href":"https:\/\/tvtecjundiai.com.br\/news\/wp-json\/wp\/v2\/users\/27"}],"replies":[{"embeddable":true,"href":"https:\/\/tvtecjundiai.com.br\/news\/wp-json\/wp\/v2\/comments?post=98064"}],"version-history":[{"count":1,"href":"https:\/\/tvtecjundiai.com.br\/news\/wp-json\/wp\/v2\/posts\/98064\/revisions"}],"predecessor-version":[{"id":98067,"href":"https:\/\/tvtecjundiai.com.br\/news\/wp-json\/wp\/v2\/posts\/98064\/revisions\/98067"}],"wp:featuredmedia":[{"embeddable":true,"href":"https:\/\/tvtecjundiai.com.br\/news\/wp-json\/wp\/v2\/media\/98066"}],"wp:attachment":[{"href":"https:\/\/tvtecjundiai.com.br\/news\/wp-json\/wp\/v2\/media?parent=98064"}],"wp:term":[{"taxonomy":"category","embeddable":true,"href":"https:\/\/tvtecjundiai.com.br\/news\/wp-json\/wp\/v2\/categories?post=98064"},{"taxonomy":"post_tag","embeddable":true,"href":"https:\/\/tvtecjundiai.com.br\/news\/wp-json\/wp\/v2\/tags?post=98064"}],"curies":[{"name":"wp","href":"https:\/\/api.w.org\/{rel}","templated":true}]}}