{"id":98071,"date":"2022-09-06T16:14:46","date_gmt":"2022-09-06T19:14:46","guid":{"rendered":"https:\/\/tvtecjundiai.com.br\/news\/?p=98071"},"modified":"2022-09-06T16:14:51","modified_gmt":"2022-09-06T19:14:51","slug":"dae-promove-leilao-de-terrenos-e-veiculos","status":"publish","type":"post","link":"https:\/\/tvtecjundiai.com.br\/news\/2022\/09\/06\/dae-promove-leilao-de-terrenos-e-veiculos\/","title":{"rendered":"DAE promove leil\u00e3o de terrenos e ve\u00edculos"},"content":{"rendered":"\n<p>A DAE Jundia\u00ed vai realizar, no m\u00eas de setembro, dois leil\u00f5es, relativos \u00e0 venda de oito ve\u00edculos (sete caminh\u00f5es e uma m\u00e1quina) e de cinco terrenos do condom\u00ednio Portal da Colina, pertencentes \u00e0 empresa. As informa\u00e7\u00f5es est\u00e3o no site do Compra Aberta (<a href=\"http:\/\/compraabertadae.jundiai.sp.gov.br\/\" target=\"_blank\" rel=\"noreferrer noopener\">http:\/\/compraabertadae.jundiai.sp.gov.br<\/a>), link \u201cEditais\u201d.<\/p>\n\n\n\n<p>No caso dos ve\u00edculos, o prazo para envio das propostas para o leil\u00e3o, que ser\u00e1 on-line, se encerra na pr\u00f3xima segunda-feira (dia 12), \u00e0s 11 horas. S\u00e3o sete caminh\u00f5es marca \u201cMercedes-Benz\u201d e uma m\u00e1quina da marca \u201cCase\u201d. Os lances iniciais s\u00e3o de R$ 50.000,00.<\/p>\n\n\n\n<figure class=\"wp-block-image\"><img decoding=\"async\" src=\"https:\/\/jundiai.sp.gov.br\/noticias\/wp-content\/uploads\/sites\/32\/2022\/09\/leilao_dae_.jpeg\" alt=\"\" class=\"wp-image-300887\" \/><figcaption>S\u00e3o sete caminh\u00f5es marca \u201cMercedes-Benz\u201d e uma m\u00e1quina da marca \u201cCase\u201d.<\/figcaption><\/figure>\n\n\n\n<p>J\u00e1 com rela\u00e7\u00e3o aos terrenos, o prazo para envio das propostas para o leil\u00e3o \u2013 tamb\u00e9m on-line \u2013 termina no dia 20 de setembro, \u00e0s 9h30. A extens\u00e3o dos lotes varia de 1.000m\u00b2 a 1.700m\u00b2, com lances a partir de R$ 361.335,00.<\/p>\n\n\n\n<p>Os valores atribu\u00eddos pelo perito contratado pela DAE seguem os mesmos aplicados no mercado. As inscri\u00e7\u00f5es e o envio das ofertas devem ser feitos diretamente no site da empresa respons\u00e1vel pelos leil\u00f5es, a Savoy Leil\u00f5es, por meio dos links\u00a0<a rel=\"noreferrer noopener\" href=\"https:\/\/www.savoyleiloes.com.br\/leiloes\/1656954922-leilao-dae-jundiai-sp-veiculos\" target=\"_blank\">https:\/\/www.savoyleiloes.com.br\/leiloes\/1656954922-leilao-dae-jundiai-sp-veiculos<\/a>\u00a0e\u00a0<a rel=\"noreferrer noopener\" href=\"https:\/\/www.savoyleiloes.com.br\/leiloes\/0390-leilao-dae-jundiai-sp-terrenos\" target=\"_blank\">https:\/\/www.savoyleiloes.com.br\/leiloes\/0390-leilao-dae-jundiai-sp-terrenos<\/a>.<\/p>\n\n\n\n<p><strong><em>(Fonte\/Imagem: DAE Jundia\u00ed)<\/em><\/strong><\/p>\n","protected":false},"excerpt":{"rendered":"<p>Os dois leil\u00f5es s\u00e3o relativos \u00e0 venda de oito ve\u00edculos e de cinco terrenos do condom\u00ednio Portal da Colina.<\/p>\n","protected":false},"author":27,"featured_media":98072,"comment_status":"closed","ping_status":"0","sticky":false,"template":"","format":"standard","meta":{"footnotes":""},"categories":[8356],"tags":[],"class_list":["post-98071","post","type-post","status-publish","format-standard","has-post-thumbnail","hentry","category-jundiai"],"_links":{"self":[{"href":"https:\/\/tvtecjundiai.com.br\/news\/wp-json\/wp\/v2\/posts\/98071","targetHints":{"allow":["GET"]}}],"collection":[{"href":"https:\/\/tvtecjundiai.com.br\/news\/wp-json\/wp\/v2\/posts"}],"about":[{"href":"https:\/\/tvtecjundiai.com.br\/news\/wp-json\/wp\/v2\/types\/post"}],"author":[{"embeddable":true,"href":"https:\/\/tvtecjundiai.com.br\/news\/wp-json\/wp\/v2\/users\/27"}],"replies":[{"embeddable":true,"href":"https:\/\/tvtecjundiai.com.br\/news\/wp-json\/wp\/v2\/comments?post=98071"}],"version-history":[{"count":1,"href":"https:\/\/tvtecjundiai.com.br\/news\/wp-json\/wp\/v2\/posts\/98071\/revisions"}],"predecessor-version":[{"id":98073,"href":"https:\/\/tvtecjundiai.com.br\/news\/wp-json\/wp\/v2\/posts\/98071\/revisions\/98073"}],"wp:featuredmedia":[{"embeddable":true,"href":"https:\/\/tvtecjundiai.com.br\/news\/wp-json\/wp\/v2\/media\/98072"}],"wp:attachment":[{"href":"https:\/\/tvtecjundiai.com.br\/news\/wp-json\/wp\/v2\/media?parent=98071"}],"wp:term":[{"taxonomy":"category","embeddable":true,"href":"https:\/\/tvtecjundiai.com.br\/news\/wp-json\/wp\/v2\/categories?post=98071"},{"taxonomy":"post_tag","embeddable":true,"href":"https:\/\/tvtecjundiai.com.br\/news\/wp-json\/wp\/v2\/tags?post=98071"}],"curies":[{"name":"wp","href":"https:\/\/api.w.org\/{rel}","templated":true}]}}