{"id":98102,"date":"2022-09-08T09:00:17","date_gmt":"2022-09-08T12:00:17","guid":{"rendered":"https:\/\/tvtecjundiai.com.br\/news\/?p=98102"},"modified":"2022-09-08T09:00:18","modified_gmt":"2022-09-08T12:00:18","slug":"no-sabado-de-horario-estendido-espaco-kids-da-ace-e-atracao-no-centro","status":"publish","type":"post","link":"https:\/\/tvtecjundiai.com.br\/news\/2022\/09\/08\/no-sabado-de-horario-estendido-espaco-kids-da-ace-e-atracao-no-centro\/","title":{"rendered":"No s\u00e1bado de hor\u00e1rio estendido, Espa\u00e7o Kids da ACE \u00e9 atra\u00e7\u00e3o no Centro"},"content":{"rendered":"\n<p>No s\u00e1bado (10), dia em que as lojas do Centro funcionar\u00e3o at\u00e9 as 18h, a Associa\u00e7\u00e3o Comercial Empresarial (ACE) de Jundia\u00ed realizar\u00e1 mais uma a\u00e7\u00e3o no Centro.<\/p>\n\n\n\n<p>Das 10h \u00e0s 15h, em frente \u00e0 Catedral Nossa Senhora do Desterro, a Associa\u00e7\u00e3o montar\u00e1 o Espa\u00e7o ACE Kids, com atra\u00e7\u00f5es gratuitas para as crian\u00e7as. No local ser\u00e3o montados pula pula e piscina de bolinhas infl\u00e1vel, espa\u00e7o com pintura facial e oficina de bal\u00f5es art\u00edsticos. Tamb\u00e9m haver\u00e1 distribui\u00e7\u00e3o gratuita de pipoca e algod\u00e3o doce e presen\u00e7a de personagens infantis.<\/p>\n\n\n<div class=\"wp-block-image\">\n<figure class=\"aligncenter size-full is-resized\"><img loading=\"lazy\" decoding=\"async\" src=\"https:\/\/tvtecjundiai.com.br\/news\/wp-content\/uploads\/sites\/2\/2022\/09\/espaco-kids-ace-jundiai-centro.jpg\" alt=\"\" class=\"wp-image-98103\" width=\"667\" height=\"402\" srcset=\"https:\/\/tvtecjundiai.com.br\/news\/wp-content\/uploads\/sites\/2\/2022\/09\/espaco-kids-ace-jundiai-centro.jpg 1200w, https:\/\/tvtecjundiai.com.br\/news\/wp-content\/uploads\/sites\/2\/2022\/09\/espaco-kids-ace-jundiai-centro-300x181.jpg 300w, https:\/\/tvtecjundiai.com.br\/news\/wp-content\/uploads\/sites\/2\/2022\/09\/espaco-kids-ace-jundiai-centro-768x463.jpg 768w\" sizes=\"auto, (max-width: 667px) 100vw, 667px\" \/><\/figure>\n<\/div>\n\n\n<p>O evento, segundo o presidente da ACE, Mark William Ormenese Monteiro, \u00e9 uma forma de trazer a fam\u00edlia para o Centro, o que acaba beneficiando os comerciantes. \u201cEsta \u00e9 a terceira vez que montamos o espa\u00e7o, que j\u00e1 est\u00e1 virando tradi\u00e7\u00e3o no s\u00e1bado de hor\u00e1rio estendido. J\u00e1 estamos nos programando para realiz\u00e1-la nos s\u00e1bados estendidos de outubro e novembro\u201d, explica.<\/p>\n\n\n\n<p><strong><em>(Fonte\/Imagem: ACE Jundia\u00ed)<\/em><\/strong><\/p>\n","protected":false},"excerpt":{"rendered":"<p>Atra\u00e7\u00f5es ser\u00e3o encerradas \u00e0s 15h, mas as lojas poder\u00e3o funcionar at\u00e9 as 18h<\/p>\n","protected":false},"author":30,"featured_media":98103,"comment_status":"closed","ping_status":"0","sticky":false,"template":"","format":"standard","meta":{"footnotes":""},"categories":[8356,1],"tags":[],"class_list":["post-98102","post","type-post","status-publish","format-standard","has-post-thumbnail","hentry","category-jundiai","category-noticias"],"_links":{"self":[{"href":"https:\/\/tvtecjundiai.com.br\/news\/wp-json\/wp\/v2\/posts\/98102","targetHints":{"allow":["GET"]}}],"collection":[{"href":"https:\/\/tvtecjundiai.com.br\/news\/wp-json\/wp\/v2\/posts"}],"about":[{"href":"https:\/\/tvtecjundiai.com.br\/news\/wp-json\/wp\/v2\/types\/post"}],"author":[{"embeddable":true,"href":"https:\/\/tvtecjundiai.com.br\/news\/wp-json\/wp\/v2\/users\/30"}],"replies":[{"embeddable":true,"href":"https:\/\/tvtecjundiai.com.br\/news\/wp-json\/wp\/v2\/comments?post=98102"}],"version-history":[{"count":1,"href":"https:\/\/tvtecjundiai.com.br\/news\/wp-json\/wp\/v2\/posts\/98102\/revisions"}],"predecessor-version":[{"id":98104,"href":"https:\/\/tvtecjundiai.com.br\/news\/wp-json\/wp\/v2\/posts\/98102\/revisions\/98104"}],"wp:featuredmedia":[{"embeddable":true,"href":"https:\/\/tvtecjundiai.com.br\/news\/wp-json\/wp\/v2\/media\/98103"}],"wp:attachment":[{"href":"https:\/\/tvtecjundiai.com.br\/news\/wp-json\/wp\/v2\/media?parent=98102"}],"wp:term":[{"taxonomy":"category","embeddable":true,"href":"https:\/\/tvtecjundiai.com.br\/news\/wp-json\/wp\/v2\/categories?post=98102"},{"taxonomy":"post_tag","embeddable":true,"href":"https:\/\/tvtecjundiai.com.br\/news\/wp-json\/wp\/v2\/tags?post=98102"}],"curies":[{"name":"wp","href":"https:\/\/api.w.org\/{rel}","templated":true}]}}