{"id":98108,"date":"2022-09-08T11:49:31","date_gmt":"2022-09-08T14:49:31","guid":{"rendered":"https:\/\/tvtecjundiai.com.br\/news\/?p=98108"},"modified":"2022-09-08T11:49:32","modified_gmt":"2022-09-08T14:49:32","slug":"panpharma-esta-com-80-vagas-abertas-para-auxiliar-de-logistica-em-jundiai","status":"publish","type":"post","link":"https:\/\/tvtecjundiai.com.br\/news\/2022\/09\/08\/panpharma-esta-com-80-vagas-abertas-para-auxiliar-de-logistica-em-jundiai\/","title":{"rendered":"Panpharma est\u00e1 com 80 vagas abertas para auxiliar de log\u00edstica em Jundia\u00ed"},"content":{"rendered":"\n<p>A distribuidora de medicamentos Panpharma, localizada na avenida Ant\u00f4nio Frederico Ozanan, 11.100, no Distrito Industrial, est\u00e1 com 80 vagas de emprego dispon\u00edveis para auxiliar de log\u00edstica.<\/p>\n\n\n\n<p>Os interessados podem se inscrever pelo <a href=\"https:\/\/web.jundiai.sp.gov.br\/PMJ\/emprega\/Vaga#\">Portal Jundia\u00ed Empreendedora<\/a>, da Prefeitura de Jundia\u00ed.<\/p>\n\n\n\n<p><strong>Auxiliar de log\u00edstica \u2013 Panpharma \u2013 80 vagas<\/strong><\/p>\n\n\n\n<p><em>N\u00edvel de escolaridade m\u00ednimo exigido:\u00a0<\/em>Ensino fundamental completo<\/p>\n\n\n<div class=\"wp-block-image\">\n<figure class=\"aligncenter size-full\"><img loading=\"lazy\" decoding=\"async\" width=\"619\" height=\"414\" src=\"https:\/\/tvtecjundiai.com.br\/news\/wp-content\/uploads\/sites\/2\/2022\/09\/foto-canva-emprego-auxiliar-de-logistica.jpg\" alt=\"\" class=\"wp-image-98110\" srcset=\"https:\/\/tvtecjundiai.com.br\/news\/wp-content\/uploads\/sites\/2\/2022\/09\/foto-canva-emprego-auxiliar-de-logistica.jpg 619w, https:\/\/tvtecjundiai.com.br\/news\/wp-content\/uploads\/sites\/2\/2022\/09\/foto-canva-emprego-auxiliar-de-logistica-300x201.jpg 300w\" sizes=\"auto, (max-width: 619px) 100vw, 619px\" \/><\/figure>\n<\/div>\n\n\n<p><em><strong>(Fonte: TVTEC Jundia\u00ed\/Imagem: Divulga\u00e7\u00e3o)<\/strong><\/em><\/p>\n","protected":false},"excerpt":{"rendered":"<p>Os interessados podem se inscrever pelo Portal Jundia\u00ed Empreendedora, da Prefeitura de Jundia\u00ed<\/p>\n","protected":false},"author":30,"featured_media":98110,"comment_status":"closed","ping_status":"0","sticky":false,"template":"","format":"standard","meta":{"footnotes":""},"categories":[5038,8363,8356,1],"tags":[],"class_list":["post-98108","post","type-post","status-publish","format-standard","has-post-thumbnail","hentry","category-emprego","category-emprego-2","category-jundiai","category-noticias"],"_links":{"self":[{"href":"https:\/\/tvtecjundiai.com.br\/news\/wp-json\/wp\/v2\/posts\/98108","targetHints":{"allow":["GET"]}}],"collection":[{"href":"https:\/\/tvtecjundiai.com.br\/news\/wp-json\/wp\/v2\/posts"}],"about":[{"href":"https:\/\/tvtecjundiai.com.br\/news\/wp-json\/wp\/v2\/types\/post"}],"author":[{"embeddable":true,"href":"https:\/\/tvtecjundiai.com.br\/news\/wp-json\/wp\/v2\/users\/30"}],"replies":[{"embeddable":true,"href":"https:\/\/tvtecjundiai.com.br\/news\/wp-json\/wp\/v2\/comments?post=98108"}],"version-history":[{"count":1,"href":"https:\/\/tvtecjundiai.com.br\/news\/wp-json\/wp\/v2\/posts\/98108\/revisions"}],"predecessor-version":[{"id":98111,"href":"https:\/\/tvtecjundiai.com.br\/news\/wp-json\/wp\/v2\/posts\/98108\/revisions\/98111"}],"wp:featuredmedia":[{"embeddable":true,"href":"https:\/\/tvtecjundiai.com.br\/news\/wp-json\/wp\/v2\/media\/98110"}],"wp:attachment":[{"href":"https:\/\/tvtecjundiai.com.br\/news\/wp-json\/wp\/v2\/media?parent=98108"}],"wp:term":[{"taxonomy":"category","embeddable":true,"href":"https:\/\/tvtecjundiai.com.br\/news\/wp-json\/wp\/v2\/categories?post=98108"},{"taxonomy":"post_tag","embeddable":true,"href":"https:\/\/tvtecjundiai.com.br\/news\/wp-json\/wp\/v2\/tags?post=98108"}],"curies":[{"name":"wp","href":"https:\/\/api.w.org\/{rel}","templated":true}]}}