{"id":98181,"date":"2022-09-09T15:12:17","date_gmt":"2022-09-09T18:12:17","guid":{"rendered":"https:\/\/tvtecjundiai.com.br\/news\/?p=98181"},"modified":"2022-09-09T15:12:19","modified_gmt":"2022-09-09T18:12:19","slug":"notas-de-libra-esterlina-serao-modificadas-apos-a-morte-da-rainha-elizabeth-ii","status":"publish","type":"post","link":"https:\/\/tvtecjundiai.com.br\/news\/2022\/09\/09\/notas-de-libra-esterlina-serao-modificadas-apos-a-morte-da-rainha-elizabeth-ii\/","title":{"rendered":"Notas de libra esterlina ser\u00e3o modificadas ap\u00f3s a morte da rainha Elizabeth II"},"content":{"rendered":"\n<p>A morte dos monarcas brit\u00e2nicos \u00e9 tradicionalmente acompanhada de muitas mudan\u00e7as na iconografia do pa\u00eds e em outras partes da Commonwealth. Nesta quinta-feira (8) morreu a rainha Elizabeth II, que ocupou o trono do Reino Unido por 70 anos.<\/p>\n\n\n\n<p>Durante o longo reinado de Elizabeth II, muitos dos s\u00edmbolos brit\u00e2nicos passaram a levar seu rosto, bras\u00e3o e iniciais. Uma das principais \u00e9 a moeda corrente, a libra esterlina.<\/p>\n\n\n\n<p>Com a morte da rainha, as novas notas passar\u00e3o a levar a imagem do herdeiro, o rei Charles III. A fotografia ser\u00e1 escolhida e aprovada pelo Pal\u00e1cio de Buckingham, ainda sem prazo definido.<\/p>\n\n\n<div class=\"wp-block-image\">\n<figure class=\"aligncenter size-full\"><img loading=\"lazy\" decoding=\"async\" width=\"682\" height=\"443\" src=\"https:\/\/tvtecjundiai.com.br\/news\/wp-content\/uploads\/sites\/2\/2022\/09\/libra-esterlina.jpg\" alt=\"\" class=\"wp-image-98182\" srcset=\"https:\/\/tvtecjundiai.com.br\/news\/wp-content\/uploads\/sites\/2\/2022\/09\/libra-esterlina.jpg 682w, https:\/\/tvtecjundiai.com.br\/news\/wp-content\/uploads\/sites\/2\/2022\/09\/libra-esterlina-300x195.jpg 300w\" sizes=\"auto, (max-width: 682px) 100vw, 682px\" \/><figcaption>Foto: Canva<\/figcaption><\/figure>\n<\/div>\n\n\n<p>Segundo o jornal &#8220;The Guardian&#8221;, h\u00e1 cerca de 4,5 bilh\u00f5es de c\u00e9dulas em circula\u00e7\u00e3o com o rosto da rainha, no valor combinado de 80 bilh\u00f5es de libras. Isso significa que levar\u00e1 cerca de dois anos para que toda a substitui\u00e7\u00e3o seja conclu\u00edda.<\/p>\n\n\n\n<p>&#8220;Quando a rainha subiu ao trono em 1952, o monarca n\u00e3o aparecia nas notas. Isso mudou em 1960, quando o rosto de Elizabeth II come\u00e7ou a aparecer em notas de 1 libra em uma imagem criada pelo designer de notas Robert Austin&#8221;, diz o jornal.<\/p>\n\n\n\n<p>No caso de moedas, \u00e9 comum na Europa ter monarcas diferentes em circula\u00e7\u00e3o por bastante tempo, pois n\u00e3o \u00e9 feito um recall para retir\u00e1-las do mercado.<\/p>\n\n\n\n<p>Al\u00e9m do dinheiro do Reino Unido, a rainha Elizabeth II aparece em algumas notas de US$ 20 no Canad\u00e1, em moedas na Nova Zel\u00e2ndia e em todas as moedas e notas emitidas pelo banco central do Caribe Oriental, al\u00e9m de outras partes da Commonwealth.<\/p>\n\n\n\n<p><strong><em>(Fonte: g1\/Imagem: Canva)<\/em><\/strong><\/p>\n","protected":false},"excerpt":{"rendered":"<p>As novas notas passar\u00e3o a levar a imagem do herdeiro, o rei Charles III<\/p>\n","protected":false},"author":30,"featured_media":98182,"comment_status":"closed","ping_status":"0","sticky":false,"template":"","format":"standard","meta":{"footnotes":""},"categories":[3084,1],"tags":[],"class_list":["post-98181","post","type-post","status-publish","format-standard","has-post-thumbnail","hentry","category-mundo","category-noticias"],"_links":{"self":[{"href":"https:\/\/tvtecjundiai.com.br\/news\/wp-json\/wp\/v2\/posts\/98181","targetHints":{"allow":["GET"]}}],"collection":[{"href":"https:\/\/tvtecjundiai.com.br\/news\/wp-json\/wp\/v2\/posts"}],"about":[{"href":"https:\/\/tvtecjundiai.com.br\/news\/wp-json\/wp\/v2\/types\/post"}],"author":[{"embeddable":true,"href":"https:\/\/tvtecjundiai.com.br\/news\/wp-json\/wp\/v2\/users\/30"}],"replies":[{"embeddable":true,"href":"https:\/\/tvtecjundiai.com.br\/news\/wp-json\/wp\/v2\/comments?post=98181"}],"version-history":[{"count":1,"href":"https:\/\/tvtecjundiai.com.br\/news\/wp-json\/wp\/v2\/posts\/98181\/revisions"}],"predecessor-version":[{"id":98183,"href":"https:\/\/tvtecjundiai.com.br\/news\/wp-json\/wp\/v2\/posts\/98181\/revisions\/98183"}],"wp:featuredmedia":[{"embeddable":true,"href":"https:\/\/tvtecjundiai.com.br\/news\/wp-json\/wp\/v2\/media\/98182"}],"wp:attachment":[{"href":"https:\/\/tvtecjundiai.com.br\/news\/wp-json\/wp\/v2\/media?parent=98181"}],"wp:term":[{"taxonomy":"category","embeddable":true,"href":"https:\/\/tvtecjundiai.com.br\/news\/wp-json\/wp\/v2\/categories?post=98181"},{"taxonomy":"post_tag","embeddable":true,"href":"https:\/\/tvtecjundiai.com.br\/news\/wp-json\/wp\/v2\/tags?post=98181"}],"curies":[{"name":"wp","href":"https:\/\/api.w.org\/{rel}","templated":true}]}}