{"id":98219,"date":"2022-09-10T22:32:29","date_gmt":"2022-09-11T01:32:29","guid":{"rendered":"https:\/\/tvtecjundiai.com.br\/news\/?p=98219"},"modified":"2022-09-10T22:32:35","modified_gmt":"2022-09-11T01:32:35","slug":"engenheiro-evandro-afonso-pereira-morre-aos-50-anos","status":"publish","type":"post","link":"https:\/\/tvtecjundiai.com.br\/news\/2022\/09\/10\/engenheiro-evandro-afonso-pereira-morre-aos-50-anos\/","title":{"rendered":"Engenheiro Evandro Afonso Pereira morre aos 50 anos"},"content":{"rendered":"\n<p>Morreu neste s\u00e1bado (10) o engenheiro Evandro Afonso Pereira, filho do radialista Afonso Pereira da R\u00e1dio Cidade AM.<\/p>\n\n\n\n<p>Evandro Afonso Pereira, tinha 50 anos e estava internado h\u00e1 algum tempo em tratamento m\u00e9dico, tendo sido feita at\u00e9 campanha de doa\u00e7\u00e3o de sangue na cidade.<\/p>\n\n\n\n<p>O vel\u00f3rio ser\u00e1 realizado neste domingo (11), no Centro de Jundia\u00ed, das 8 \u00e0s 11 horas, e em seguida ocorrer\u00e1 o sepultamento no Cemit\u00e9rio Nossa Senhora do Desterro.<\/p>\n\n\n\n<p>Evandro deixa a esposa Vera Luz.<\/p>\n","protected":false},"excerpt":{"rendered":"<p>O vel\u00f3rio e o sepultamento acontecem neste domingo (11), em Jundia\u00ed. <\/p>\n","protected":false},"author":17,"featured_media":98220,"comment_status":"closed","ping_status":"0","sticky":false,"template":"","format":"standard","meta":{"footnotes":""},"categories":[8356],"tags":[],"class_list":["post-98219","post","type-post","status-publish","format-standard","has-post-thumbnail","hentry","category-jundiai"],"_links":{"self":[{"href":"https:\/\/tvtecjundiai.com.br\/news\/wp-json\/wp\/v2\/posts\/98219","targetHints":{"allow":["GET"]}}],"collection":[{"href":"https:\/\/tvtecjundiai.com.br\/news\/wp-json\/wp\/v2\/posts"}],"about":[{"href":"https:\/\/tvtecjundiai.com.br\/news\/wp-json\/wp\/v2\/types\/post"}],"author":[{"embeddable":true,"href":"https:\/\/tvtecjundiai.com.br\/news\/wp-json\/wp\/v2\/users\/17"}],"replies":[{"embeddable":true,"href":"https:\/\/tvtecjundiai.com.br\/news\/wp-json\/wp\/v2\/comments?post=98219"}],"version-history":[{"count":1,"href":"https:\/\/tvtecjundiai.com.br\/news\/wp-json\/wp\/v2\/posts\/98219\/revisions"}],"predecessor-version":[{"id":98221,"href":"https:\/\/tvtecjundiai.com.br\/news\/wp-json\/wp\/v2\/posts\/98219\/revisions\/98221"}],"wp:featuredmedia":[{"embeddable":true,"href":"https:\/\/tvtecjundiai.com.br\/news\/wp-json\/wp\/v2\/media\/98220"}],"wp:attachment":[{"href":"https:\/\/tvtecjundiai.com.br\/news\/wp-json\/wp\/v2\/media?parent=98219"}],"wp:term":[{"taxonomy":"category","embeddable":true,"href":"https:\/\/tvtecjundiai.com.br\/news\/wp-json\/wp\/v2\/categories?post=98219"},{"taxonomy":"post_tag","embeddable":true,"href":"https:\/\/tvtecjundiai.com.br\/news\/wp-json\/wp\/v2\/tags?post=98219"}],"curies":[{"name":"wp","href":"https:\/\/api.w.org\/{rel}","templated":true}]}}