{"id":98232,"date":"2022-09-11T13:11:40","date_gmt":"2022-09-11T16:11:40","guid":{"rendered":"https:\/\/tvtecjundiai.com.br\/news\/?p=98232"},"modified":"2022-09-11T13:11:45","modified_gmt":"2022-09-11T16:11:45","slug":"peca-teatral-juntos-sera-apresentada-no-complexo-fepasa-dia-13","status":"publish","type":"post","link":"https:\/\/tvtecjundiai.com.br\/news\/2022\/09\/11\/peca-teatral-juntos-sera-apresentada-no-complexo-fepasa-dia-13\/","title":{"rendered":"Pe\u00e7a teatral #Juntos ser\u00e1 apresentada no Complexo Fepasa dia 13"},"content":{"rendered":"\n<h2 class=\"wp-block-heading\"><\/h2>\n\n\n\n<p>O palco da Sala Jundia\u00ed, no Complexo Fepasa, recebe na pr\u00f3xima ter\u00e7a-feira, dia 13, \u00e0s 19h30, o espet\u00e1culo teatral #Juntos, da dramaturga Ded\u00e9 Ribeiro, com dire\u00e7\u00e3o do premiado Daniel Colin e que chega na cidade, por meio da Secretaria Especial da Cultura \u2013 Minist\u00e9rio do Turismo, projeto financiado pela Lei de Incentivo \u00e0 Cultura, com apoio do Sicredi.<\/p>\n\n\n\n<p>#Juntos aborda de forma descontra\u00edda, as quest\u00f5es da transi\u00e7\u00e3o do jovem para a vida adulta em suas amplas mudan\u00e7as e decis\u00f5es.&nbsp; Com leveza e bom humor, as quest\u00f5es que preocupam os jovens&nbsp;como preparar-se para o futuro com tantos caminhos poss\u00edveis \u00e9 mostrado ao longo do espet\u00e1culo.<\/p>\n\n\n\n<figure class=\"wp-block-image is-resized\"><img loading=\"lazy\" decoding=\"async\" src=\"https:\/\/jundiai.sp.gov.br\/noticias\/wp-content\/uploads\/sites\/32\/2022\/09\/foto-elenco-juntos-1-640x960.jpg\" alt=\"\" class=\"wp-image-301032\" width=\"839\" height=\"1259\" \/><figcaption>#Juntos trata das quest\u00f5es da transi\u00e7\u00e3o do jovem para a vida adulta<\/figcaption><\/figure>\n\n\n\n<p>A a\u00e7\u00e3o de #Juntos se passa no dia da formatura de tr\u00eas colegas insepar\u00e1veis no ensino m\u00e9dio, que tra\u00e7am planos para o futuro.&nbsp; No entanto, a separa\u00e7\u00e3o \u00e9 inevit\u00e1vel, mas a dist\u00e2ncia, hoje, \u00e9 relativa, gra\u00e7as \u00e0s redes sociais. Com o aux\u00edlio da irm\u00e3 de um deles e de outras personagens que aparecem, os amigos criam juntos um projeto que possa reuni-los outra vez e garantir que seus sonhos de trabalho se realizem.&nbsp; Com muitas complica\u00e7\u00f5es e situa\u00e7\u00f5es divertidas, a montagem foi concebida para um p\u00fablico jovem, de 13 a 20 anos.<\/p>\n\n\n\n<p>Na ficha t\u00e9cnica destacam-se atores reconhecidos no teatro ga\u00facho, como Douglas Oliveira, Denis Gosh e Ursula Collischonn, entre outros, bem como os cen\u00e1rios de Rodrigo Shalako e os figurinos de Ant\u00f4nio Rabadan. A produ\u00e7\u00e3o \u00e9 assinada pela Dux \/Liga Produ\u00e7\u00e3o Cultural.<\/p>\n\n\n\n<p>#Juntos tem entrada gratuita e o acesso do p\u00fablico \u00e0 Sala Jundia\u00ed ser\u00e1 por ordem de chegada, com capacidade para receber 180 pessoas.\u00a0 O Complexo Fepasa est\u00e1 localizado na avenida Uni\u00e3o dos Ferrovi\u00e1rios, 1760. No local h\u00e1 estacionamento gratuito.<\/p>\n\n\n\n<p><em>Fonte: Prefeitura de Jundia\u00ed<\/em><\/p>\n","protected":false},"excerpt":{"rendered":"<p>Com muitas complica\u00e7\u00f5es e situa\u00e7\u00f5es divertidas, a montagem foi concebida para um p\u00fablico jovem, de 13 a 20 anos.<\/p>\n","protected":false},"author":17,"featured_media":98233,"comment_status":"closed","ping_status":"0","sticky":false,"template":"","format":"standard","meta":{"footnotes":""},"categories":[8356,8354],"tags":[],"class_list":["post-98232","post","type-post","status-publish","format-standard","has-post-thumbnail","hentry","category-jundiai","category-lazer"],"_links":{"self":[{"href":"https:\/\/tvtecjundiai.com.br\/news\/wp-json\/wp\/v2\/posts\/98232","targetHints":{"allow":["GET"]}}],"collection":[{"href":"https:\/\/tvtecjundiai.com.br\/news\/wp-json\/wp\/v2\/posts"}],"about":[{"href":"https:\/\/tvtecjundiai.com.br\/news\/wp-json\/wp\/v2\/types\/post"}],"author":[{"embeddable":true,"href":"https:\/\/tvtecjundiai.com.br\/news\/wp-json\/wp\/v2\/users\/17"}],"replies":[{"embeddable":true,"href":"https:\/\/tvtecjundiai.com.br\/news\/wp-json\/wp\/v2\/comments?post=98232"}],"version-history":[{"count":1,"href":"https:\/\/tvtecjundiai.com.br\/news\/wp-json\/wp\/v2\/posts\/98232\/revisions"}],"predecessor-version":[{"id":98234,"href":"https:\/\/tvtecjundiai.com.br\/news\/wp-json\/wp\/v2\/posts\/98232\/revisions\/98234"}],"wp:featuredmedia":[{"embeddable":true,"href":"https:\/\/tvtecjundiai.com.br\/news\/wp-json\/wp\/v2\/media\/98233"}],"wp:attachment":[{"href":"https:\/\/tvtecjundiai.com.br\/news\/wp-json\/wp\/v2\/media?parent=98232"}],"wp:term":[{"taxonomy":"category","embeddable":true,"href":"https:\/\/tvtecjundiai.com.br\/news\/wp-json\/wp\/v2\/categories?post=98232"},{"taxonomy":"post_tag","embeddable":true,"href":"https:\/\/tvtecjundiai.com.br\/news\/wp-json\/wp\/v2\/tags?post=98232"}],"curies":[{"name":"wp","href":"https:\/\/api.w.org\/{rel}","templated":true}]}}