{"id":98317,"date":"2022-09-14T09:19:48","date_gmt":"2022-09-14T12:19:48","guid":{"rendered":"https:\/\/tvtecjundiai.com.br\/news\/?p=98317"},"modified":"2022-09-14T09:19:49","modified_gmt":"2022-09-14T12:19:49","slug":"programa-pre-aposentadoria-inicia-encontros-com-a-22a-turma","status":"publish","type":"post","link":"https:\/\/tvtecjundiai.com.br\/news\/2022\/09\/14\/programa-pre-aposentadoria-inicia-encontros-com-a-22a-turma\/","title":{"rendered":"Programa Pr\u00e9-Aposentadoria inicia encontros com a 22\u00aa turma"},"content":{"rendered":"\n<p>O Programa Pr\u00e9-Aposentadoria (PPA), desenvolvido pela Unidade de Gest\u00e3o de Administra\u00e7\u00e3o e Gest\u00e3o de Pessoas (UGAGP), deu in\u00edcio nesta ter\u00e7a-feira (13), \u00e0s atividades programadas com a segunda turma deste ano, a 22\u00aa desde o in\u00edcio do programa. Os servidores inscritos ter\u00e3o 11 encontros semanais, na Sala Multiuso do Pa\u00e7o Municipal.<\/p>\n\n\n\n<p>O programa tem como objetivo auxiliar os servidores que se preparam para a aposentadoria na elabora\u00e7\u00e3o de um novo projeto de vida, al\u00e9m de oportunizar espa\u00e7o para conhecimentos e reflex\u00f5es sobre diversos temas, como planejamento financeiro, empreendedorismo, alimenta\u00e7\u00e3o, lazer, sa\u00fade, entre outros.<\/p>\n\n\n\n<p>\u201c\u00c9 uma prepara\u00e7\u00e3o em todos os aspectos, pensando na qualidade de vida, com atividades e quest\u00f5es relacionadas ao novo ciclo que vir\u00e1, para que todos se preparem e aproveitem da melhor maneira\u201d, destaca a gestora da Unidade de Gest\u00e3o de Administra\u00e7\u00e3o e Gest\u00e3o de Pessoas (UGAGP), Simone Zanotello de Oliveira.<\/p>\n\n\n\n<figure class=\"wp-block-image\"><img decoding=\"async\" src=\"https:\/\/jundiai.sp.gov.br\/noticias\/wp-content\/uploads\/sites\/32\/2022\/09\/ppa-1309-3.jpg\" alt=\"\" class=\"wp-image-301255\" \/><figcaption>A cada encontro ser\u00e3o abordados temas \u00fateis e da atualidade, propondo uma s\u00e9rie de reflex\u00f5es<\/figcaption><\/figure>\n\n\n\n<p>Os encontros prop\u00f5em variadas formas de incentivar os servidores a planejarem a nova rotina. Mais ainda, a intera\u00e7\u00e3o e troca de experi\u00eancias funcionam como um est\u00edmulo \u00e0 ressignifica\u00e7\u00e3o que a aposentadoria representa f\u00edsica e emocionalmente.<\/p>\n\n\n\n<p>\u201cS\u00e3o momentos \u00fanicos propostos pelo Programa, com a apresenta\u00e7\u00e3o de quest\u00f5es e temas a serem aplicados no dia a dia em um futuro breve, quando haver\u00e1 mais tempo e disponibilidade\u201d, lembra Rosemary Simionato, gestora adjunta da UGAGP.<\/p>\n\n\n\n<p><strong>Viv\u00eancias e novos conhecimentos<\/strong><\/p>\n\n\n\n<p>A cada encontro ser\u00e3o abordados temas \u00fateis e da atualidade. A diretora de Desenvolvimento do Servidor da UGAGP, Sivone Caetano Villela, refor\u00e7a o prop\u00f3sito do PPA em direcionar a preocupa\u00e7\u00e3o com o bem-estar do servidor. \u201cFico muito feliz em acompanhar essa nova turma. Permitam-se, aproveitando ao m\u00e1ximo a oportunidade e os momentos para projetarem a vida p\u00f3s-aposentadoria\u201d.<\/p>\n\n\n<div class=\"wp-block-image\">\n<figure class=\"aligncenter\"><img decoding=\"async\" src=\"https:\/\/jundiai.sp.gov.br\/noticias\/wp-content\/uploads\/sites\/32\/2022\/09\/ppa-1309-2.jpg\" alt=\"\" class=\"wp-image-301256\" \/><figcaption>\u00c9 a segunda vez que o servidor Celestino Brolio, 72 anos, participa do PPA, sempre com interesse nos assuntos abordados<\/figcaption><\/figure>\n<\/div>\n\n\n<p>A m\u00e9dica Denise Sa Bohn, servidora municipal h\u00e1 26 anos, atua em duas UBSs e revela estar emocionada nesta contagem regressiva. \u201cJ\u00e1 dei entrada para me aposentar ainda este ano. \u00c9 uma alegria participar desse grupo, que \u00e9 heterog\u00eaneo, mas ao mesmo tempo tem a mesma vis\u00e3o\u201d, comenta.<\/p>\n\n\n\n<p>Celestino Brolio, 72, ressalta que pretende aguardar at\u00e9 os 75, quando ter\u00e1 a aposentadoria compuls\u00f3ria. \u201cVim pelo interesse nos assuntos, aplic\u00e1veis em todas as fases da vida. \u00c9 a segunda vez que participo e tenho as melhores expectativas para os encontros\u201d, afirma o agente de fiscaliza\u00e7\u00e3o de abastecimento da Unidade de Gest\u00e3o de Agroneg\u00f3cio, Abastecimento e Turismo (UGAAT), que assim como os demais participantes que comp\u00f5em a turma, exerce a fun\u00e7\u00e3o acima de tudo com extrema paix\u00e3o.<\/p>\n\n\n\n<figure class=\"wp-block-image\"><img decoding=\"async\" src=\"https:\/\/jundiai.sp.gov.br\/noticias\/wp-content\/uploads\/sites\/32\/2022\/09\/ppa-1309.jpg\" alt=\"\" class=\"wp-image-301257\" \/><figcaption>Ser\u00e3o 11 encontros semanais, na Sala Multiuso do Pa\u00e7o Municipal, com intera\u00e7\u00e3o e troca de experi\u00eancias<\/figcaption><\/figure>\n\n\n\n<p><strong><em>(Fonte\/Imagem: Prefeitura de Jundia\u00ed)<\/em><\/strong><\/p>\n","protected":false},"excerpt":{"rendered":"<p>Ser\u00e3o 11 encontros semanais, na Sala Multiuso do Pa\u00e7o Municipal, com intera\u00e7\u00e3o e troca de experi\u00eancias.<\/p>\n","protected":false},"author":27,"featured_media":98318,"comment_status":"closed","ping_status":"0","sticky":false,"template":"","format":"standard","meta":{"footnotes":""},"categories":[8356],"tags":[],"class_list":["post-98317","post","type-post","status-publish","format-standard","has-post-thumbnail","hentry","category-jundiai"],"_links":{"self":[{"href":"https:\/\/tvtecjundiai.com.br\/news\/wp-json\/wp\/v2\/posts\/98317","targetHints":{"allow":["GET"]}}],"collection":[{"href":"https:\/\/tvtecjundiai.com.br\/news\/wp-json\/wp\/v2\/posts"}],"about":[{"href":"https:\/\/tvtecjundiai.com.br\/news\/wp-json\/wp\/v2\/types\/post"}],"author":[{"embeddable":true,"href":"https:\/\/tvtecjundiai.com.br\/news\/wp-json\/wp\/v2\/users\/27"}],"replies":[{"embeddable":true,"href":"https:\/\/tvtecjundiai.com.br\/news\/wp-json\/wp\/v2\/comments?post=98317"}],"version-history":[{"count":1,"href":"https:\/\/tvtecjundiai.com.br\/news\/wp-json\/wp\/v2\/posts\/98317\/revisions"}],"predecessor-version":[{"id":98319,"href":"https:\/\/tvtecjundiai.com.br\/news\/wp-json\/wp\/v2\/posts\/98317\/revisions\/98319"}],"wp:featuredmedia":[{"embeddable":true,"href":"https:\/\/tvtecjundiai.com.br\/news\/wp-json\/wp\/v2\/media\/98318"}],"wp:attachment":[{"href":"https:\/\/tvtecjundiai.com.br\/news\/wp-json\/wp\/v2\/media?parent=98317"}],"wp:term":[{"taxonomy":"category","embeddable":true,"href":"https:\/\/tvtecjundiai.com.br\/news\/wp-json\/wp\/v2\/categories?post=98317"},{"taxonomy":"post_tag","embeddable":true,"href":"https:\/\/tvtecjundiai.com.br\/news\/wp-json\/wp\/v2\/tags?post=98317"}],"curies":[{"name":"wp","href":"https:\/\/api.w.org\/{rel}","templated":true}]}}