{"id":98338,"date":"2022-09-14T15:01:50","date_gmt":"2022-09-14T18:01:50","guid":{"rendered":"https:\/\/tvtecjundiai.com.br\/news\/?p=98338"},"modified":"2022-09-15T10:26:19","modified_gmt":"2022-09-15T13:26:19","slug":"festival-vegano-come-o-que-acontece-neste-domingo-18-em-jundiai","status":"publish","type":"post","link":"https:\/\/tvtecjundiai.com.br\/news\/2022\/09\/14\/festival-vegano-come-o-que-acontece-neste-domingo-18-em-jundiai\/","title":{"rendered":"Festival vegano \u2018Come o Qu\u00ea?\u2019 acontece neste domingo (18) em Jundia\u00ed"},"content":{"rendered":"\n<p>A 13\u00aa edi\u00e7\u00e3o do Festival \u2018Come o Qu\u00ea?` ser\u00e1 neste domingo (18), das 10h \u00e0s 17h, no Clube S\u00e3o Jo\u00e3o, em Jundia\u00ed. A entrada \u00e9 gratuita. S\u00e3o mais de 30 expositores adeptos do veganismo e da sustentabilidade. &nbsp;&nbsp;<\/p>\n\n\n\n<p>No local o p\u00fablico poder\u00e1 conferir diferentes atra\u00e7\u00f5es, artesanatos, cosm\u00e9ticos, roupas, sapatos e acess\u00f3rios e op\u00e7\u00f5es diferenciadas na \u00e1rea de alimenta\u00e7\u00e3o vegana e saud\u00e1vel. Ser\u00e3o vendidos bolos, tortas, donuts, cookies, coxinha e lanche de jaca, feijoada vegana completa, comida indiana, yakissoba, al\u00e9m de op\u00e7\u00f5es sem gl\u00faten.<\/p>\n\n\n<div class=\"wp-block-image\">\n<figure class=\"aligncenter size-large is-resized\"><img loading=\"lazy\" decoding=\"async\" src=\"https:\/\/tvtecjundiai.com.br\/news\/wp-content\/uploads\/sites\/2\/2022\/09\/IMG_0180-1200x800.jpg\" alt=\"\" class=\"wp-image-98339\" width=\"727\" height=\"485\" srcset=\"https:\/\/tvtecjundiai.com.br\/news\/wp-content\/uploads\/sites\/2\/2022\/09\/IMG_0180-1200x800.jpg 1200w, https:\/\/tvtecjundiai.com.br\/news\/wp-content\/uploads\/sites\/2\/2022\/09\/IMG_0180-300x200.jpg 300w, https:\/\/tvtecjundiai.com.br\/news\/wp-content\/uploads\/sites\/2\/2022\/09\/IMG_0180-768x512.jpg 768w, https:\/\/tvtecjundiai.com.br\/news\/wp-content\/uploads\/sites\/2\/2022\/09\/IMG_0180.jpg 1280w\" sizes=\"auto, (max-width: 727px) 100vw, 727px\" \/><\/figure>\n<\/div>\n\n\n<p>Al\u00e9m dos expositores, o Festival vegano \u2018Come o Qu\u00ea?\u2019 contar\u00e1 com uma programa\u00e7\u00e3o especial para toda a fam\u00edlia:&nbsp;&nbsp;&nbsp;&nbsp;<\/p>\n\n\n\n<ul class=\"wp-block-list\"><li>Das 8h30 \u00e0s 9h30: Aul\u00e3o de Yoga com a professora Livia Maria Siqueira<\/li><li>Das 11h \u00e0s 15h: Feirinha de ado\u00e7\u00e3o de c\u00e3es e gatos resgatados pelo Instituto Focinho Feliz&nbsp;<\/li><li>Das 13h \u00e0s 14h: Aula de Culin\u00e1ria Vegana&nbsp;<\/li><li>M\u00fasica ao vivo com Raul Gonzalo&nbsp;<\/li><\/ul>\n\n\n<div class=\"wp-block-image\">\n<figure class=\"aligncenter size-large is-resized\"><img loading=\"lazy\" decoding=\"async\" src=\"https:\/\/tvtecjundiai.com.br\/news\/wp-content\/uploads\/sites\/2\/2022\/09\/IMG_8130-1200x800.jpg\" alt=\"\" class=\"wp-image-98340\" width=\"733\" height=\"489\" srcset=\"https:\/\/tvtecjundiai.com.br\/news\/wp-content\/uploads\/sites\/2\/2022\/09\/IMG_8130-1200x800.jpg 1200w, https:\/\/tvtecjundiai.com.br\/news\/wp-content\/uploads\/sites\/2\/2022\/09\/IMG_8130-300x200.jpg 300w, https:\/\/tvtecjundiai.com.br\/news\/wp-content\/uploads\/sites\/2\/2022\/09\/IMG_8130-768x512.jpg 768w, https:\/\/tvtecjundiai.com.br\/news\/wp-content\/uploads\/sites\/2\/2022\/09\/IMG_8130.jpg 1280w\" sizes=\"auto, (max-width: 733px) 100vw, 733px\" \/><\/figure>\n<\/div>\n\n\n<p>O Festival tem car\u00e1ter beneficente. Os organizadores tamb\u00e9m est\u00e3o apoiando o <strong>projeto Ajuda 2 Reais<\/strong>, que atua para contribuir com diferentes entidades filantr\u00f3picas. O p\u00fablico pode participar levando alimentos n\u00e3o perec\u00edveis, que ser\u00e3o revertidos para associa\u00e7\u00f5es assistidas pelo projeto.&nbsp;Os interessados tamb\u00e9m podem fazer doa\u00e7\u00e3o espont\u00e2nea de ra\u00e7\u00e3o para c\u00e3es e gatos. &nbsp;&nbsp;<\/p>\n\n\n\n<p><strong>Festival Come O Qu\u00ea \u2013 Veganismo, Sustentabilidade e Consci\u00eancia&nbsp;&nbsp;<\/strong><\/p>\n\n\n\n<ul class=\"wp-block-list\"><li>Data: 18\/09\/2022&nbsp;&nbsp;<\/li><li>Hor\u00e1rio: Das 10h \u00e0s 17h&nbsp;&nbsp;<\/li><li>Entrada Franca&nbsp;&nbsp;<\/li><li>Local: Clube S\u00e3o Jo\u00e3o \u2013 Rua Osvaldo Cruz, 231 \u2013 Jundia\u00ed \u2013 SP&nbsp;&nbsp;<\/li><li>Contato: Carla Zagotti (11) 9 9547-1374&nbsp;&nbsp;<\/li><li>Facebook e Instagram \u2013 @festivalcomeoque<\/li><\/ul>\n\n\n\n<p><em><strong>(Fonte\/Imagens: Festival Come O Qu\u00ea?\/Divulga\u00e7\u00e3o)<\/strong><\/em><\/p>\n","protected":false},"excerpt":{"rendered":"<p>Evento oferece boa comida vegana, artesanatos, cosm\u00e9ticos e vestu\u00e1rio<\/p>\n","protected":false},"author":30,"featured_media":98339,"comment_status":"closed","ping_status":"0","sticky":false,"template":"","format":"standard","meta":{"footnotes":""},"categories":[6309,8356,8354,1],"tags":[],"class_list":["post-98338","post","type-post","status-publish","format-standard","has-post-thumbnail","hentry","category-gastronomia","category-jundiai","category-lazer","category-noticias"],"_links":{"self":[{"href":"https:\/\/tvtecjundiai.com.br\/news\/wp-json\/wp\/v2\/posts\/98338","targetHints":{"allow":["GET"]}}],"collection":[{"href":"https:\/\/tvtecjundiai.com.br\/news\/wp-json\/wp\/v2\/posts"}],"about":[{"href":"https:\/\/tvtecjundiai.com.br\/news\/wp-json\/wp\/v2\/types\/post"}],"author":[{"embeddable":true,"href":"https:\/\/tvtecjundiai.com.br\/news\/wp-json\/wp\/v2\/users\/30"}],"replies":[{"embeddable":true,"href":"https:\/\/tvtecjundiai.com.br\/news\/wp-json\/wp\/v2\/comments?post=98338"}],"version-history":[{"count":2,"href":"https:\/\/tvtecjundiai.com.br\/news\/wp-json\/wp\/v2\/posts\/98338\/revisions"}],"predecessor-version":[{"id":98369,"href":"https:\/\/tvtecjundiai.com.br\/news\/wp-json\/wp\/v2\/posts\/98338\/revisions\/98369"}],"wp:featuredmedia":[{"embeddable":true,"href":"https:\/\/tvtecjundiai.com.br\/news\/wp-json\/wp\/v2\/media\/98339"}],"wp:attachment":[{"href":"https:\/\/tvtecjundiai.com.br\/news\/wp-json\/wp\/v2\/media?parent=98338"}],"wp:term":[{"taxonomy":"category","embeddable":true,"href":"https:\/\/tvtecjundiai.com.br\/news\/wp-json\/wp\/v2\/categories?post=98338"},{"taxonomy":"post_tag","embeddable":true,"href":"https:\/\/tvtecjundiai.com.br\/news\/wp-json\/wp\/v2\/tags?post=98338"}],"curies":[{"name":"wp","href":"https:\/\/api.w.org\/{rel}","templated":true}]}}