{"id":98348,"date":"2022-09-14T16:52:38","date_gmt":"2022-09-14T19:52:38","guid":{"rendered":"https:\/\/tvtecjundiai.com.br\/news\/?p=98348"},"modified":"2022-09-14T16:52:42","modified_gmt":"2022-09-14T19:52:42","slug":"inscricoes-para-eleicoes-do-conselho-municipal-de-politicas-territoriais-sao-abertas","status":"publish","type":"post","link":"https:\/\/tvtecjundiai.com.br\/news\/2022\/09\/14\/inscricoes-para-eleicoes-do-conselho-municipal-de-politicas-territoriais-sao-abertas\/","title":{"rendered":"Inscri\u00e7\u00f5es para elei\u00e7\u00f5es do Conselho Municipal de Pol\u00edticas Territoriais s\u00e3o abertas"},"content":{"rendered":"\n<p>Est\u00e3o abertas as inscri\u00e7\u00f5es para participar das elei\u00e7\u00f5es do Conselho Municipal de Pol\u00edticas Territoriais (CMPT). Elas acontecem at\u00e9 o dia 14 de outubro e ser\u00e3o feitas exclusivamente no&nbsp;<a rel=\"noreferrer noopener\" href=\"https:\/\/jundiai.sp.gov.br\/planejamento-e-meio-ambiente\/conselhos\/politica-territorial-cmpt\/\" target=\"_blank\">site da Prefeitura de Jundia\u00ed<\/a><a href=\"https:\/\/jundiai.sp.gov.br\/planejamento-e-meio-ambiente\/conselhos\/politica-territorial-cmpt\/\">&nbsp;<\/a>. As elei\u00e7\u00f5es ser\u00e3o no dia 22 de outubro, a partir das 14h no Centro Municipal de Educa\u00e7\u00e3o de Jovens e Adultos (CMEJA), que fica no Complexo Argos. Os 24 eleitos da sociedade civil far\u00e3o parte do conselho no tri\u00eanio 2022-2025.<\/p>\n\n\n\n<p>Os interessados em participar da vota\u00e7\u00e3o tamb\u00e9m precisam fazer a inscri\u00e7\u00e3o no&nbsp;<a rel=\"noreferrer noopener\" href=\"https:\/\/jundiai.sp.gov.br\/planejamento-e-meio-ambiente\/conselhos\/politica-territorial-cmpt\/\" target=\"_blank\">site da Prefeitura&nbsp;<\/a>e comparecer no CMEJA no dia 22 de outubro. A data ainda marca a realiza\u00e7\u00e3o da Confer\u00eancia da Cidade, que vai promover atividades a partir das 8h.<\/p>\n\n\n\n<p>Para o Gestor de Planejamento Urbano e Meio Ambiente (UGPUMA), Sin\u00e9sio Scarabello Filho, a atua\u00e7\u00e3o do CMPT \u00e9 muito importante para o munic\u00edpio. \u201c\u00c9 o Conselho que garante a continuidade das discuss\u00f5es com os mun\u00edcipes sobre o desenvolvimento urbano e o surgimento de novas pautas de interesse da popula\u00e7\u00e3o, al\u00e9m de revis\u00f5es na lei\u201d, afirma.<\/p>\n\n\n\n<p>Mais informa\u00e7\u00f5es podem ser encontradas na&nbsp;<a rel=\"noreferrer noopener\" href=\"https:\/\/imprensaoficial.jundiai.sp.gov.br\/edicao-5143\/\" target=\"_blank\">Edi\u00e7\u00e3o 5143 da Imprensa Oficial<\/a>, publicada nesta quarta-feira (14).<\/p>\n\n\n\n<figure class=\"wp-block-image\"><img decoding=\"async\" src=\"https:\/\/jundiai.sp.gov.br\/noticias\/wp-content\/uploads\/sites\/32\/2022\/09\/convite_conferencia_da_cidade-v2-1-768x960.jpg\" alt=\"\" class=\"wp-image-301335\" \/><\/figure>\n\n\n\n<p><strong><em>(Fonte \/ Imagem: Prefeitura de Jundia\u00ed)<\/em><\/strong><\/p>\n","protected":false},"excerpt":{"rendered":"<p>Os 24 eleitos da sociedade civil far\u00e3o parte do conselho no tri\u00eanio 2022-2025.<\/p>\n","protected":false},"author":19,"featured_media":98349,"comment_status":"closed","ping_status":"0","sticky":false,"template":"","format":"standard","meta":{"footnotes":""},"categories":[1],"tags":[],"class_list":["post-98348","post","type-post","status-publish","format-standard","has-post-thumbnail","hentry","category-noticias"],"_links":{"self":[{"href":"https:\/\/tvtecjundiai.com.br\/news\/wp-json\/wp\/v2\/posts\/98348","targetHints":{"allow":["GET"]}}],"collection":[{"href":"https:\/\/tvtecjundiai.com.br\/news\/wp-json\/wp\/v2\/posts"}],"about":[{"href":"https:\/\/tvtecjundiai.com.br\/news\/wp-json\/wp\/v2\/types\/post"}],"author":[{"embeddable":true,"href":"https:\/\/tvtecjundiai.com.br\/news\/wp-json\/wp\/v2\/users\/19"}],"replies":[{"embeddable":true,"href":"https:\/\/tvtecjundiai.com.br\/news\/wp-json\/wp\/v2\/comments?post=98348"}],"version-history":[{"count":1,"href":"https:\/\/tvtecjundiai.com.br\/news\/wp-json\/wp\/v2\/posts\/98348\/revisions"}],"predecessor-version":[{"id":98350,"href":"https:\/\/tvtecjundiai.com.br\/news\/wp-json\/wp\/v2\/posts\/98348\/revisions\/98350"}],"wp:featuredmedia":[{"embeddable":true,"href":"https:\/\/tvtecjundiai.com.br\/news\/wp-json\/wp\/v2\/media\/98349"}],"wp:attachment":[{"href":"https:\/\/tvtecjundiai.com.br\/news\/wp-json\/wp\/v2\/media?parent=98348"}],"wp:term":[{"taxonomy":"category","embeddable":true,"href":"https:\/\/tvtecjundiai.com.br\/news\/wp-json\/wp\/v2\/categories?post=98348"},{"taxonomy":"post_tag","embeddable":true,"href":"https:\/\/tvtecjundiai.com.br\/news\/wp-json\/wp\/v2\/tags?post=98348"}],"curies":[{"name":"wp","href":"https:\/\/api.w.org\/{rel}","templated":true}]}}