{"id":98372,"date":"2022-09-15T11:16:48","date_gmt":"2022-09-15T14:16:48","guid":{"rendered":"https:\/\/tvtecjundiai.com.br\/news\/?p=98372"},"modified":"2022-09-15T11:16:52","modified_gmt":"2022-09-15T14:16:52","slug":"saec-completa-20-anos-de-atuacao-em-jundiai","status":"publish","type":"post","link":"https:\/\/tvtecjundiai.com.br\/news\/2022\/09\/15\/saec-completa-20-anos-de-atuacao-em-jundiai\/","title":{"rendered":"SAEC completa 20 anos de atua\u00e7\u00e3o em Jundia\u00ed"},"content":{"rendered":"\n<p>Respons\u00e1vel pelo atendimento especial e exclusivo aos pacientes que necessitam de transporte para terapias, exames, consultas e altas hospitalares, o Servi\u00e7o de Atendimento a Pacientes Especiais e Cr\u00f4nicos (SAEC) completa neste m\u00eas 20 anos de atua\u00e7\u00e3o em Jundia\u00ed. Durante todos esses anos, o que define a equipe, formada por controlador de frotas, t\u00e9cnicos de enfermagem, recepcionistas, vigias e assistentes administrativos, al\u00e9m do encarregado de enfermagem e coordenador da unidade, \u00e9 o orgulho da profiss\u00e3o e do trabalho desenvolvido por eles.&nbsp;&nbsp;<\/p>\n\n\n\n<p>&#8220;O SAEC \u00e9 um servi\u00e7o de excel\u00eancia prestado \u00e0 popula\u00e7\u00e3o. Atendimento humanizado, acolhedor, como \u00e9 o padr\u00e3o do HSV. Completamos 20 anos, com frota renovada que oferece seguran\u00e7a e conforto, tanto para os usu\u00e1rios quanto aos t\u00e9cnicos que atuam diariamente no cuidado \u00e0s fam\u00edlias de Jundia\u00ed&#8221;, explica o prefeito Luiz Fernando Machado.&nbsp;<\/p>\n\n\n\n<p>Atualmente com 65 colaboradores treinados e capacitados, uma frota de 13 ambul\u00e2ncias e 6 vans, o servi\u00e7o realiza uma m\u00e9dia de 5.400 remo\u00e7\u00f5es e transportes por m\u00eas. A assist\u00eancia, al\u00e9m de beneficiar a popula\u00e7\u00e3o de Jundia\u00ed, ainda contribui com a sa\u00fade de outros munic\u00edpios. \u201cN\u00f3s atendemos pacientes com limita\u00e7\u00f5es na locomo\u00e7\u00e3o, acamados ou que necessitem de transporte adequado, com recursos que n\u00f3s possu\u00edmos na viatura.&nbsp;&nbsp;\u00c9 garantia do direito e qualidade do servi\u00e7o prestado ao usu\u00e1rio. Tamb\u00e9m prestamos apoio para casos j\u00e1 avaliados pela regula\u00e7\u00e3o m\u00e9dica do Servi\u00e7o de Atendimento M\u00f3vel de Urg\u00eancia (SAMU)\u201d, refor\u00e7a o coordenador do servi\u00e7o, Jo\u00e3o Natal Fiorot.&nbsp;<\/p>\n\n\n\n<figure class=\"wp-block-image size-large\"><img loading=\"lazy\" decoding=\"async\" width=\"1200\" height=\"677\" src=\"https:\/\/tvtecjundiai.com.br\/news\/wp-content\/uploads\/sites\/2\/2022\/09\/Equipe-do-SAEC-celebra-aniversario-do-servico-1200x677.jpg\" alt=\"\" class=\"wp-image-98373\" srcset=\"https:\/\/tvtecjundiai.com.br\/news\/wp-content\/uploads\/sites\/2\/2022\/09\/Equipe-do-SAEC-celebra-aniversario-do-servico-1200x677.jpg 1200w, https:\/\/tvtecjundiai.com.br\/news\/wp-content\/uploads\/sites\/2\/2022\/09\/Equipe-do-SAEC-celebra-aniversario-do-servico-300x169.jpg 300w, https:\/\/tvtecjundiai.com.br\/news\/wp-content\/uploads\/sites\/2\/2022\/09\/Equipe-do-SAEC-celebra-aniversario-do-servico-768x433.jpg 768w, https:\/\/tvtecjundiai.com.br\/news\/wp-content\/uploads\/sites\/2\/2022\/09\/Equipe-do-SAEC-celebra-aniversario-do-servico.jpg 1280w\" sizes=\"auto, (max-width: 1200px) 100vw, 1200px\" \/><\/figure>\n\n\n\n<p>A equipe atende ainda visitas domiciliares e oferece suporte em acidentes de tr\u00e2nsito envolvendo ve\u00edculos oficiais e viaturas em trajeto. Segundo os usu\u00e1rios, a iniciativa \u00e9 fundamental para o acesso aos tratamentos de fisioterapia, radioterapia, hemodi\u00e1lise, entre outras especialidades. Para o sr. Florisvaldo Saltini, de 54 anos, n\u00e3o existe dinheiro que pague o aux\u00edlio e carinho com que \u00e9 tratado pelos profissionais que realizam o transporte.&nbsp;&nbsp;<\/p>\n\n\n\n<p>\u201cEu fraturei o f\u00eamur, tive trombose e ainda tenho diabetes, o que resultou na amputa\u00e7\u00e3o de uma perna. Preciso fazer curativos regularmente e comparecer nas consultas realizadas na Faculdade de Medicina do munic\u00edpio. Tamb\u00e9m sou acompanhado pelo N\u00facleo de Assist\u00eancia \u00e0 Pessoa com Defici\u00eancia (NAPD) da Prefeitura de Jundia\u00ed, o que me ajuda demais. Para toda essa locomo\u00e7\u00e3o, h\u00e1 9 anos eu conto com o servi\u00e7o do SAEC. Eu nunca vi tantas pessoas maravilhosas trabalharem juntas, sempre fui cuidado com muito respeito, com amor. Eles merecem todas as homenagens poss\u00edveis\u201d.&nbsp;<\/p>\n\n\n\n<p>A mesma admira\u00e7\u00e3o \u00e9 compartilhada pelo sr. Sebasti\u00e3o Pereira Sales, de 59 anos, que desde mar\u00e7o conta com a alegria e descontra\u00e7\u00e3o da equipe para anim\u00e1-lo nos dias de tratamento. \u201cUso o transporte pelo menos duas vezes por semana para ir na fisioterapia que fa\u00e7o no Centro de Reabilita\u00e7\u00e3o Jundia\u00ed, para ir para quimioterapia, no Instituo de Oncologia, onde trato um mieloma m\u00faltiplo e no Hospital S\u00e3o Vicente, onde realizo exames. Eles s\u00e3o extrovertidos, nos motivam e j\u00e1 chegam brincando conosco. Isso \u00e9 maravilhoso, melhora nosso humor, deixa a situa\u00e7\u00e3o mais leve e tamb\u00e9m nos aproxima. Ficamos amigos ao longo do tempo e tenho prazer em evidenciar que o trabalho deles \u00e9 excelente\u201d.&nbsp;<\/p>\n\n\n\n<p>O controlador de frota e membro do SAEC desde 2007, Leonardo Oliveira, compartilha um forte relato sobre sua experi\u00eancia de 15 anos dentro da unidade. \u201cO verdadeiro significado do SAEC, no meu ponto de vista, \u00e9 trabalhar com amor, empenho e buscar o principal reconhecimento na recupera\u00e7\u00e3o e gratid\u00e3o dos pacientes. Somos a esperan\u00e7a de dias melhores para aqueles que mais precisam, n\u00f3s caminhamos pelos acamados e cadeirantes\u201d.&nbsp;&nbsp;<\/p>\n\n\n\n<figure class=\"wp-block-image size-full\"><img loading=\"lazy\" decoding=\"async\" width=\"792\" height=\"584\" src=\"https:\/\/tvtecjundiai.com.br\/news\/wp-content\/uploads\/sites\/2\/2022\/09\/Profissionais-dedicam-suas-vidas-ao-servico.png\" alt=\"\" class=\"wp-image-98374\" srcset=\"https:\/\/tvtecjundiai.com.br\/news\/wp-content\/uploads\/sites\/2\/2022\/09\/Profissionais-dedicam-suas-vidas-ao-servico.png 792w, https:\/\/tvtecjundiai.com.br\/news\/wp-content\/uploads\/sites\/2\/2022\/09\/Profissionais-dedicam-suas-vidas-ao-servico-300x221.png 300w, https:\/\/tvtecjundiai.com.br\/news\/wp-content\/uploads\/sites\/2\/2022\/09\/Profissionais-dedicam-suas-vidas-ao-servico-768x566.png 768w\" sizes=\"auto, (max-width: 792px) 100vw, 792px\" \/><\/figure>\n\n\n\n<p><strong>Informa\u00e7\u00f5es e Servi\u00e7o&nbsp;<\/strong><\/p>\n\n\n\n<p>O agendamento para transporte \u00fanico no munic\u00edpio deve ser feito no dia anterior a consulta, por meio do n\u00famero 0800 770 7192, que tamb\u00e9m funciona aos finais de semana. Para tratamentos que exigem transporte frequente, o paciente deve fazer o cadastro no SAEC, de segunda a sexta-feira, das 8h \u00e0s 17h. \u00c9 necess\u00e1rio que o solicitante apresente os documentos pessoais, comprovante de endere\u00e7o e a carta expedida pelo m\u00e9dico ou servi\u00e7o de sa\u00fade, descrevendo o motivo e o per\u00edodo de tratamento. Ap\u00f3s o cadastro, o enfermeiro ir\u00e1 verificar o tipo de ve\u00edculo mais adequado para o transporte. Para casos fora do munic\u00edpio de Jundia\u00ed, o procedimento \u00e9 o mesmo, mas precisa ser agendado com 10 dias de anteced\u00eancia.\u00a0<\/p>\n\n\n\n<p><strong><em>(Fonte\/Imagem: Assessoria Hospital S\u00e3o Vicente)<\/em><\/strong><\/p>\n","protected":false},"excerpt":{"rendered":"<p>O servi\u00e7o atende pacientes que necessitam de transporte para terapias, exames, consultas e altas hospitalares.<\/p>\n","protected":false},"author":27,"featured_media":98375,"comment_status":"closed","ping_status":"0","sticky":false,"template":"","format":"standard","meta":{"footnotes":""},"categories":[8356],"tags":[],"class_list":["post-98372","post","type-post","status-publish","format-standard","has-post-thumbnail","hentry","category-jundiai"],"_links":{"self":[{"href":"https:\/\/tvtecjundiai.com.br\/news\/wp-json\/wp\/v2\/posts\/98372","targetHints":{"allow":["GET"]}}],"collection":[{"href":"https:\/\/tvtecjundiai.com.br\/news\/wp-json\/wp\/v2\/posts"}],"about":[{"href":"https:\/\/tvtecjundiai.com.br\/news\/wp-json\/wp\/v2\/types\/post"}],"author":[{"embeddable":true,"href":"https:\/\/tvtecjundiai.com.br\/news\/wp-json\/wp\/v2\/users\/27"}],"replies":[{"embeddable":true,"href":"https:\/\/tvtecjundiai.com.br\/news\/wp-json\/wp\/v2\/comments?post=98372"}],"version-history":[{"count":1,"href":"https:\/\/tvtecjundiai.com.br\/news\/wp-json\/wp\/v2\/posts\/98372\/revisions"}],"predecessor-version":[{"id":98376,"href":"https:\/\/tvtecjundiai.com.br\/news\/wp-json\/wp\/v2\/posts\/98372\/revisions\/98376"}],"wp:featuredmedia":[{"embeddable":true,"href":"https:\/\/tvtecjundiai.com.br\/news\/wp-json\/wp\/v2\/media\/98375"}],"wp:attachment":[{"href":"https:\/\/tvtecjundiai.com.br\/news\/wp-json\/wp\/v2\/media?parent=98372"}],"wp:term":[{"taxonomy":"category","embeddable":true,"href":"https:\/\/tvtecjundiai.com.br\/news\/wp-json\/wp\/v2\/categories?post=98372"},{"taxonomy":"post_tag","embeddable":true,"href":"https:\/\/tvtecjundiai.com.br\/news\/wp-json\/wp\/v2\/tags?post=98372"}],"curies":[{"name":"wp","href":"https:\/\/api.w.org\/{rel}","templated":true}]}}