{"id":98378,"date":"2022-09-15T11:53:14","date_gmt":"2022-09-15T14:53:14","guid":{"rendered":"https:\/\/tvtecjundiai.com.br\/news\/?p=98378"},"modified":"2022-09-15T14:12:42","modified_gmt":"2022-09-15T17:12:42","slug":"fabrica-das-infancias-voce-sabia-que-todo-fim-de-semana-tem-programacao-infantil-gratuita","status":"publish","type":"post","link":"https:\/\/tvtecjundiai.com.br\/news\/2022\/09\/15\/fabrica-das-infancias-voce-sabia-que-todo-fim-de-semana-tem-programacao-infantil-gratuita\/","title":{"rendered":"F\u00e1brica das Inf\u00e2ncias: Voc\u00ea sabia que todo fim de semana tem programa\u00e7\u00e3o infantil gratuita?"},"content":{"rendered":"\n<p>Por meio do programa municipal Cidade das Crian\u00e7as, a Unidade de Gest\u00e3o de Cultura (UGC) promove todo s\u00e1bado e domingo atra\u00e7\u00f5es gratuitas para o p\u00fablico infantil na F\u00e1brica das Inf\u00e2ncias Japy, na vila Arens.<\/p>\n\n\n\n<p>Sempre \u00e0s 10h30 aos finais de semana, o p\u00fablico pode conferir conta\u00e7\u00f5es de hist\u00f3rias, apresenta\u00e7\u00f5es teatrais e circenses, al\u00e9m de outras interven\u00e7\u00f5es art\u00edsticas, voltadas para o p\u00fablico de quatro a 11 anos.<\/p>\n\n\n\n<figure class=\"wp-block-image\"><img decoding=\"async\" src=\"https:\/\/jundiai.sp.gov.br\/noticias\/wp-content\/uploads\/sites\/32\/2022\/09\/fabrica-das-infancias-japy-grafitagem_fm_-54.jpg\" alt=\"\" class=\"wp-image-301348\" \/><figcaption>Al\u00e9m das atra\u00e7\u00f5es. p\u00fablico pode aproveitar para brincar nas novas instala\u00e7\u00f5es do local<\/figcaption><\/figure>\n\n\n\n<p>Sem contar que, durante a visita, a crian\u00e7ada pode brincar nas instala\u00e7\u00f5es da F\u00e1brica, que \u00e9 tamb\u00e9m a sede do Comit\u00ea das Crian\u00e7as de Jundia\u00ed e que conta com um Parque Naturalizado, estrutura que aproveita elementos como troncos, galhos, folhas, terra, areia e pedras para&nbsp;<a href=\"https:\/\/jundiai.sp.gov.br\/noticias\/tag\/brincar-livre\/\">incentivar o contato com a natureza e o brincar livre, pela iniciativa BrincAR LIVRE<\/a>.<\/p>\n\n\n\n<p><strong>Programa\u00e7\u00e3o<\/strong><br>Neste s\u00e1bado (17), \u00e0s 10h30, a apresenta\u00e7\u00e3o marcada \u00e9 o \u201cO Sapato do Palha\u00e7o\u201d, em que a Cia. Grifo de Teatro trata, de forma c\u00f4mica e divertida, da import\u00e2ncia da higiene pessoal. Com dura\u00e7\u00e3o de 20 minutos, o espet\u00e1culo teatral narra a hist\u00f3ria de um palha\u00e7o que h\u00e1 muito tempo n\u00e3o toma banho e que, ao resolver sair em uma grande aventura com seus amigos, acaba entrando em muitas confus\u00f5es devido ao seu mau-cheiro.<\/p>\n\n\n\n<p>J\u00e1 no domingo (18), tamb\u00e9m \u00e0s 10h30, a Trupe Pling! apresenta o seu \u201cCirco Parque\u201d, espet\u00e1culo interativo com n\u00fameros circenses, de teatro, m\u00fasica, poesia, malabarismo, equil\u00edbrio, palha\u00e7aria, acrobacias e dan\u00e7a. Com 45 minutos de dura\u00e7\u00e3o, o espet\u00e1culo traz tr\u00eas artistas da trupe que, com suas maletas m\u00e1gicas, resgatam a arte milenar do circo para o p\u00fablico e o convida para participa de seu \u201cgrand finale\u201d.<\/p>\n\n\n\n<figure class=\"wp-block-gallery has-nested-images columns-default is-cropped wp-block-gallery-1 is-layout-flex wp-block-gallery-is-layout-flex\">\n<figure class=\"wp-block-image size-large\"><img loading=\"lazy\" decoding=\"async\" width=\"1200\" height=\"800\" data-id=\"98379\" src=\"https:\/\/tvtecjundiai.com.br\/news\/wp-content\/uploads\/sites\/2\/2022\/09\/espetaculo-circo-parque-na-fabrica-das-infancias_japy_c_-14-1200x800.jpg\" alt=\"\" class=\"wp-image-98379\" srcset=\"https:\/\/tvtecjundiai.com.br\/news\/wp-content\/uploads\/sites\/2\/2022\/09\/espetaculo-circo-parque-na-fabrica-das-infancias_japy_c_-14-1200x800.jpg 1200w, https:\/\/tvtecjundiai.com.br\/news\/wp-content\/uploads\/sites\/2\/2022\/09\/espetaculo-circo-parque-na-fabrica-das-infancias_japy_c_-14-300x200.jpg 300w, https:\/\/tvtecjundiai.com.br\/news\/wp-content\/uploads\/sites\/2\/2022\/09\/espetaculo-circo-parque-na-fabrica-das-infancias_japy_c_-14-768x512.jpg 768w, https:\/\/tvtecjundiai.com.br\/news\/wp-content\/uploads\/sites\/2\/2022\/09\/espetaculo-circo-parque-na-fabrica-das-infancias_japy_c_-14.jpg 1280w\" sizes=\"auto, (max-width: 1200px) 100vw, 1200px\" \/><\/figure>\n\n\n\n<figure class=\"wp-block-image size-large\"><img loading=\"lazy\" decoding=\"async\" width=\"1200\" height=\"801\" data-id=\"98380\" src=\"https:\/\/tvtecjundiai.com.br\/news\/wp-content\/uploads\/sites\/2\/2022\/09\/grifo_japy-1-1200x801-1.jpg\" alt=\"\" class=\"wp-image-98380\" srcset=\"https:\/\/tvtecjundiai.com.br\/news\/wp-content\/uploads\/sites\/2\/2022\/09\/grifo_japy-1-1200x801-1.jpg 1200w, https:\/\/tvtecjundiai.com.br\/news\/wp-content\/uploads\/sites\/2\/2022\/09\/grifo_japy-1-1200x801-1-300x200.jpg 300w, https:\/\/tvtecjundiai.com.br\/news\/wp-content\/uploads\/sites\/2\/2022\/09\/grifo_japy-1-1200x801-1-768x513.jpg 768w\" sizes=\"auto, (max-width: 1200px) 100vw, 1200px\" \/><\/figure>\n<figcaption class=\"blocks-gallery-caption\">Programa\u00e7\u00e3o traz a Cia. Grifo de Teatro, com a pe\u00e7a \u201cO Sapato do Palha\u00e7o\u201d no s\u00e1bado (17) e a Trupe Pling! com seu \u201cCirco Parque\u201d no domingo(18)<br><\/figcaption><\/figure>\n\n\n\n<p>A F\u00e1brica das Inf\u00e2ncias Japy fica na rua Lacerda Franco, 175 \u2013 Vila Arens. De ter\u00e7a a sexta-feira, o espa\u00e7o fica aberto das 9h \u00e0s 17h. J\u00e1 aos s\u00e1bados, domingos e feriados, permanece aberto das 9h \u00e0s 13h. A entrada de visitantes ser\u00e1 permitida somente at\u00e9 30 minutos antes do hor\u00e1rio de fechamento. Mais informa\u00e7\u00f5es pelo telefone 4521-0971.<\/p>\n\n\n\n<p><strong><em>(Fonte\/Imagem: Prefeitura de Jundia\u00ed)<\/em><\/strong><\/p>\n","protected":false},"excerpt":{"rendered":"<p>Al\u00e9m das atra\u00e7\u00f5es. p\u00fablico pode aproveitar para brincar nas novas instala\u00e7\u00f5es do local.<\/p>\n","protected":false},"author":27,"featured_media":98381,"comment_status":"closed","ping_status":"0","sticky":false,"template":"","format":"standard","meta":{"footnotes":""},"categories":[8356],"tags":[],"class_list":["post-98378","post","type-post","status-publish","format-standard","has-post-thumbnail","hentry","category-jundiai"],"_links":{"self":[{"href":"https:\/\/tvtecjundiai.com.br\/news\/wp-json\/wp\/v2\/posts\/98378","targetHints":{"allow":["GET"]}}],"collection":[{"href":"https:\/\/tvtecjundiai.com.br\/news\/wp-json\/wp\/v2\/posts"}],"about":[{"href":"https:\/\/tvtecjundiai.com.br\/news\/wp-json\/wp\/v2\/types\/post"}],"author":[{"embeddable":true,"href":"https:\/\/tvtecjundiai.com.br\/news\/wp-json\/wp\/v2\/users\/27"}],"replies":[{"embeddable":true,"href":"https:\/\/tvtecjundiai.com.br\/news\/wp-json\/wp\/v2\/comments?post=98378"}],"version-history":[{"count":2,"href":"https:\/\/tvtecjundiai.com.br\/news\/wp-json\/wp\/v2\/posts\/98378\/revisions"}],"predecessor-version":[{"id":98386,"href":"https:\/\/tvtecjundiai.com.br\/news\/wp-json\/wp\/v2\/posts\/98378\/revisions\/98386"}],"wp:featuredmedia":[{"embeddable":true,"href":"https:\/\/tvtecjundiai.com.br\/news\/wp-json\/wp\/v2\/media\/98381"}],"wp:attachment":[{"href":"https:\/\/tvtecjundiai.com.br\/news\/wp-json\/wp\/v2\/media?parent=98378"}],"wp:term":[{"taxonomy":"category","embeddable":true,"href":"https:\/\/tvtecjundiai.com.br\/news\/wp-json\/wp\/v2\/categories?post=98378"},{"taxonomy":"post_tag","embeddable":true,"href":"https:\/\/tvtecjundiai.com.br\/news\/wp-json\/wp\/v2\/tags?post=98378"}],"curies":[{"name":"wp","href":"https:\/\/api.w.org\/{rel}","templated":true}]}}