{"id":98387,"date":"2022-09-15T14:42:30","date_gmt":"2022-09-15T17:42:30","guid":{"rendered":"https:\/\/tvtecjundiai.com.br\/news\/?p=98387"},"modified":"2022-09-15T14:42:36","modified_gmt":"2022-09-15T17:42:36","slug":"fundo-social-de-solidariedade-e-tvtec-jundiai-firmam-parceria-com-cursos-gratuitos-de-geracao-de-renda","status":"publish","type":"post","link":"https:\/\/tvtecjundiai.com.br\/news\/2022\/09\/15\/fundo-social-de-solidariedade-e-tvtec-jundiai-firmam-parceria-com-cursos-gratuitos-de-geracao-de-renda\/","title":{"rendered":"Fundo Social de Solidariedade e TVTEC Jundia\u00ed firmam parceria com cursos gratuitos de gera\u00e7\u00e3o de renda"},"content":{"rendered":"\n<p>Em mais uma iniciativa de oferecer oportunidades de prosperidade social para a popula\u00e7\u00e3o em condi\u00e7\u00e3o de vulnerabilidade, por meio de uma parceria entre o Fundo Social de Solidariedade e a TVTEC, a Prefeitura de Jundia\u00ed iniciou nesta quarta-feira (14) o projeto \u201cFazer com as M\u00e3os\u201d, que visa estimular o eixo da capacita\u00e7\u00e3o e sustentabilidade para os mun\u00edcipes de forma gratuita.<\/p>\n\n\n\n<p>\u201c\u00c9 uma alegria somar esfor\u00e7os com a TVTEC na realiza\u00e7\u00e3o do projeto piloto \u2018Fazer com as M\u00e3os\u2019. Isso porque a iniciativa vem ao encontro do trabalho realizado pelo Fundo Social de Jundia\u00ed, que \u00e9 lugar de fomento \u00e0 gera\u00e7\u00e3o de renda e emprego por meio da qualifica\u00e7\u00e3o profissional\u201d, afirmou a primeira-dama Vanessa Machado, presidente do Funss.<\/p>\n\n\n\n<figure class=\"wp-block-image size-large\"><img loading=\"lazy\" decoding=\"async\" width=\"1200\" height=\"800\" src=\"https:\/\/tvtecjundiai.com.br\/news\/wp-content\/uploads\/sites\/2\/2022\/09\/2022.09.14_CURSO-DE-VELAS-PREVIA_19-1200x800.jpg\" alt=\"\" class=\"wp-image-98389\" srcset=\"https:\/\/tvtecjundiai.com.br\/news\/wp-content\/uploads\/sites\/2\/2022\/09\/2022.09.14_CURSO-DE-VELAS-PREVIA_19-1200x800.jpg 1200w, https:\/\/tvtecjundiai.com.br\/news\/wp-content\/uploads\/sites\/2\/2022\/09\/2022.09.14_CURSO-DE-VELAS-PREVIA_19-300x200.jpg 300w, https:\/\/tvtecjundiai.com.br\/news\/wp-content\/uploads\/sites\/2\/2022\/09\/2022.09.14_CURSO-DE-VELAS-PREVIA_19-768x512.jpg 768w, https:\/\/tvtecjundiai.com.br\/news\/wp-content\/uploads\/sites\/2\/2022\/09\/2022.09.14_CURSO-DE-VELAS-PREVIA_19.jpg 1280w\" sizes=\"auto, (max-width: 1200px) 100vw, 1200px\" \/><figcaption>Projeto \u201cFazer com as M\u00e3os\u201d visa estimular o eixo da capacita\u00e7\u00e3o e sustentabilidade para os mun\u00edcipes de forma gratuita.<\/figcaption><\/figure>\n\n\n\n<p>Em sequ\u00eancia a tem\u00e1tica de inclus\u00e3o, dialogada entre os participantes no segundo encontro da Rede de Inovadores, realizado no \u00faltimo dia 26 de agosto, a primeira oficina realizada no Complexo Argos foi a de velas artesanais, voltada ao p\u00fablico assistido pela Assessoria de Pol\u00edticas P\u00fablicas da Diversidade.<\/p>\n\n\n\n<p>Entre as alunas, Fernanda Pontes conta que a capacita\u00e7\u00e3o vai agregar em seu neg\u00f3cio, uma vez que j\u00e1 trabalha no setor de artesanato. \u201cSou do segmento de aromaterapia e achei muito interessante participar desse curso. Na pr\u00e1tica est\u00e1 muito mais f\u00e1cil do que imaginava, quero transformar todo este aprendizado em realidade para aumentar a renda da minha loja\u201d, comenta.<\/p>\n\n\n\n<figure class=\"wp-block-image size-large\"><img loading=\"lazy\" decoding=\"async\" width=\"1200\" height=\"800\" src=\"https:\/\/tvtecjundiai.com.br\/news\/wp-content\/uploads\/sites\/2\/2022\/09\/2022.09.14_CURSO-DE-VELAS-PREVIA_18-1200x800.jpg\" alt=\"\" class=\"wp-image-98390\" srcset=\"https:\/\/tvtecjundiai.com.br\/news\/wp-content\/uploads\/sites\/2\/2022\/09\/2022.09.14_CURSO-DE-VELAS-PREVIA_18-1200x800.jpg 1200w, https:\/\/tvtecjundiai.com.br\/news\/wp-content\/uploads\/sites\/2\/2022\/09\/2022.09.14_CURSO-DE-VELAS-PREVIA_18-300x200.jpg 300w, https:\/\/tvtecjundiai.com.br\/news\/wp-content\/uploads\/sites\/2\/2022\/09\/2022.09.14_CURSO-DE-VELAS-PREVIA_18-768x512.jpg 768w, https:\/\/tvtecjundiai.com.br\/news\/wp-content\/uploads\/sites\/2\/2022\/09\/2022.09.14_CURSO-DE-VELAS-PREVIA_18.jpg 1280w\" sizes=\"auto, (max-width: 1200px) 100vw, 1200px\" \/><figcaption>Fernanda conta que achou o processo artesanal das velas muito mais f\u00e1cil que o imaginado.<\/figcaption><\/figure>\n\n\n\n<p>Convidada da Funda\u00e7\u00e3o Escola TVTEC, quem ministrou o curso foi a empres\u00e1ria e artes\u00e3 Teresa Maria Malandrino Fonseca Vaz. \u201cOs alunos e alunas aqui s\u00e3o muito receptivos, adorei a experi\u00eancia. Com as t\u00e9cnicas que ensinei hoje, eles podem criar diversas pe\u00e7as para venda e empreender de forma muito criativa\u201d, detalha a profissional que trabalha com velas h\u00e1 25 anos.<\/p>\n\n\n\n<p>\u201cSomos muito gratos pela professora Teresa abra\u00e7ar a causa e ter vindo gratuitamente de S\u00e3o Paulo para este momento com nossos alunos\u201d, agradece a superintendente da FTVTEC, M\u00f4nica Gropelo. \u201cDesenvolvemos esta viv\u00eancia como uma extens\u00e3o do que \u00e9 oferecido no Fundo Social, com objetivo de aproximar o p\u00fablico com conhecimento e oportunidade dentro do Campus Jundia\u00ed, assim como j\u00e1 temos ofertado as aulas de Introdu\u00e7\u00e3o \u00e0 Inform\u00e1tica, em parceria com a Unidade de Gest\u00e3o de Educa\u00e7\u00e3o.\u201d, finaliza.<\/p>\n","protected":false},"excerpt":{"rendered":"<p>Projeto Fazer com as M\u00e3os oferece oportunidade de prosperidade social para popula\u00e7\u00e3o em condi\u00e7\u00e3o de vulnerabilidade<\/p>\n","protected":false},"author":17,"featured_media":98388,"comment_status":"closed","ping_status":"0","sticky":false,"template":"","format":"standard","meta":{"footnotes":""},"categories":[8356,1],"tags":[],"class_list":["post-98387","post","type-post","status-publish","format-standard","has-post-thumbnail","hentry","category-jundiai","category-noticias"],"_links":{"self":[{"href":"https:\/\/tvtecjundiai.com.br\/news\/wp-json\/wp\/v2\/posts\/98387","targetHints":{"allow":["GET"]}}],"collection":[{"href":"https:\/\/tvtecjundiai.com.br\/news\/wp-json\/wp\/v2\/posts"}],"about":[{"href":"https:\/\/tvtecjundiai.com.br\/news\/wp-json\/wp\/v2\/types\/post"}],"author":[{"embeddable":true,"href":"https:\/\/tvtecjundiai.com.br\/news\/wp-json\/wp\/v2\/users\/17"}],"replies":[{"embeddable":true,"href":"https:\/\/tvtecjundiai.com.br\/news\/wp-json\/wp\/v2\/comments?post=98387"}],"version-history":[{"count":1,"href":"https:\/\/tvtecjundiai.com.br\/news\/wp-json\/wp\/v2\/posts\/98387\/revisions"}],"predecessor-version":[{"id":98391,"href":"https:\/\/tvtecjundiai.com.br\/news\/wp-json\/wp\/v2\/posts\/98387\/revisions\/98391"}],"wp:featuredmedia":[{"embeddable":true,"href":"https:\/\/tvtecjundiai.com.br\/news\/wp-json\/wp\/v2\/media\/98388"}],"wp:attachment":[{"href":"https:\/\/tvtecjundiai.com.br\/news\/wp-json\/wp\/v2\/media?parent=98387"}],"wp:term":[{"taxonomy":"category","embeddable":true,"href":"https:\/\/tvtecjundiai.com.br\/news\/wp-json\/wp\/v2\/categories?post=98387"},{"taxonomy":"post_tag","embeddable":true,"href":"https:\/\/tvtecjundiai.com.br\/news\/wp-json\/wp\/v2\/tags?post=98387"}],"curies":[{"name":"wp","href":"https:\/\/api.w.org\/{rel}","templated":true}]}}