{"id":98448,"date":"2022-09-16T11:50:37","date_gmt":"2022-09-16T14:50:37","guid":{"rendered":"https:\/\/tvtecjundiai.com.br\/news\/?p=98448"},"modified":"2022-09-16T11:50:43","modified_gmt":"2022-09-16T14:50:43","slug":"prefeitura-de-jundiai-discute-melhorias-na-mobilidade-com-a-ccr-autoban","status":"publish","type":"post","link":"https:\/\/tvtecjundiai.com.br\/news\/2022\/09\/16\/prefeitura-de-jundiai-discute-melhorias-na-mobilidade-com-a-ccr-autoban\/","title":{"rendered":"Prefeitura de Jundia\u00ed discute melhorias na mobilidade com a CCR AutoBAn"},"content":{"rendered":"\n<p>Em reuni\u00e3o realizada nesta semana, na Prefeitura de Jundia\u00ed, t\u00e9cnicos das Unidades de Gest\u00e3o de Mobilidade e Transporte (UGMT), Governo e Finan\u00e7as (UGGF), Planejamento Urbano e Meio Ambiente (UGPUMA) e membros da CCR AutoBAn discutiram melhorias na mobilidade urbana em diversas \u00e1reas de Jundia\u00ed, principalmente nos locais em que h\u00e1 necessidade de conex\u00e3o e\/ou transposi\u00e7\u00e3o da malha vi\u00e1ria urbana \u00e0s rodovias que cortam o munic\u00edpio como a Rodovia Anhanguera (SP 330).<\/p>\n\n\n\n<p>\u201cAs obras de infraestrutura vi\u00e1ria j\u00e1 v\u00eam sendo discutidas com o Estado, pela concession\u00e1ria e pela Prefeitura de Jundia\u00ed. S\u00e3o interven\u00e7\u00f5es importantes que desafogam os gargalos vi\u00e1rios e preparam a cidade para os pr\u00f3ximos anos, em termos de mobilidade n\u00e3o somente para o transporte p\u00fablico como para o desenvolvimento econ\u00f4mico para o escoamento da produ\u00e7\u00e3o\u201d, salienta o gestor de Governo e Finan\u00e7as (UGGF), Jos\u00e9 Antonio Parimoschi.<\/p>\n\n\n\n<p>Ainda de acordo com Parimoschi, as interven\u00e7\u00f5es propostas pela CCR est\u00e3o alinhadas com investimentos propostos pelo Munic\u00edpio, com investimentos em torno de R$ 100 milh\u00f5es, anunciados pelo Governo do Estado, no in\u00edcio do m\u00eas de janeiro.<\/p>\n\n\n\n<figure class=\"wp-block-image\"><img decoding=\"async\" src=\"https:\/\/jundiai.sp.gov.br\/noticias\/wp-content\/uploads\/sites\/32\/2022\/09\/reuniao_ccr_autoban-4.jpg\" alt=\"DESCRI\u00c7\u00c3O DE IMAGEM: foto horizontal, da sala, mostrando  os integrantes dada reuni\u00e3o, sentados na mesa\" class=\"wp-image-301484\" \/><figcaption>Reuni\u00e3o foi realizada nesta semana, na Sala de Situa\u00e7\u00e3o do Pa\u00e7o Municipal<\/figcaption><\/figure>\n\n\n\n<p>O primeiro projeto discutido foi a obra de transposi\u00e7\u00e3o no Km 65 da Rodovia Anhanguera, que ligar\u00e1 as avenidas Pedro Clarismundo Fornari e Engenheiro Jo\u00e3o Fernandes Gimenes Molina, no bairro do Engordadouro de forma a viabilizar melhores condi\u00e7\u00f5es de mobilidade ao Distrito Industrial e ao Vetor Oeste da cidade.<\/p>\n\n\n\n<p>Tamb\u00e9m est\u00e1 sendo analisada a constru\u00e7\u00e3o de um novo trevo na Avenida Jundia\u00ed, que d\u00e1 acesso ao Km 58 da Rodovia Anhanguera e interven\u00e7\u00f5es que incluem a duplica\u00e7\u00e3o do t\u00fanel da avenida Prefeito Lu\u00eds Latorre, sob a Rodovia Jo\u00e3o Cereser, com a continuidade da mesma avenida at\u00e9 o Km 62 da Anhanguera onde est\u00e1 prevista uma obra de transposi\u00e7\u00e3o visando dar continuidade no vi\u00e1rio urbana no sentido do Vetor Oeste.<\/p>\n\n\n\n<p>No bairro do Retiro, o viaduto do final da avenida Prefeito Luiz Latorre deve ser duplicado, de forma a aumentar a sua capacidade, melhorando ainda as conex\u00f5es com a Rodovia Anhanguera. J\u00e1 no Vetor Sul est\u00e1 sendo proposta uma transposi\u00e7\u00e3o no Km 54 para melhorar a liga\u00e7\u00e3o entre a Vila Rami, a Vila Maring\u00e1 e a Vila Comercial, visando a implanta\u00e7\u00e3o de mais uma op\u00e7\u00e3o de circula\u00e7\u00e3o atrav\u00e9s do c\u00f3rrego das Flores \u00e0 Av. 14 de Dezembro de forma a distribuir o fluxo de passagem concentrado na Rua Bom Jesus de Pirapora.<\/p>\n\n\n\n<figure class=\"wp-block-image\"><img decoding=\"async\" src=\"https:\/\/jundiai.sp.gov.br\/noticias\/wp-content\/uploads\/sites\/32\/2022\/09\/reuniao_ccr_autoban-11.jpg\" alt=\"\" class=\"wp-image-301485\" \/><figcaption>Gestores de Jundia\u00ed e t\u00e9cnicos da AutoBAn debateram sobre pontos que precisam de interven\u00e7\u00e3o infraestrutura<\/figcaption><\/figure>\n\n\n\n<p>\u201cAs interven\u00e7\u00f5es propostas se alinham ao escopo previsto no Plano de Mobilidade Urbana do Munic\u00edpio de Jundia\u00ed com o objetivo de dar maior efetividade ao transporte p\u00fablico coletivo e a mobilidade ativa\u201d, completou o gestor de Mobilidade e Transporte (UGMT), Aloysio Queiroz.<\/p>\n\n\n\n<p>Participaram da reuni\u00e3o, al\u00e9m dos gestores, o vice-prefeito Gustavo Martinelli, as equipes t\u00e9cnicas da UGMT, UGPUMA e UGISP, al\u00e9m dos t\u00e9cnicos da CCR AutoBAn Grover Carvalho (Gerente de Faixa de Dom\u00ednio), Marcos Alexandre Conrado (Rela\u00e7\u00f5es Institucionais), Isabela Costa Pacheco (Coordenadora de Projetos), Nelson Soares Neto (Gerente de Engenharia), e Renata Cadena de Morais (Engenheira de Projetos).<\/p>\n\n\n\n<p><strong><em>(Fonte\/Imagem: Prefeitura de Jundia\u00ed)<\/em><\/strong><\/p>\n","protected":false},"excerpt":{"rendered":"<p>Gestores de Jundia\u00ed e t\u00e9cnicos da AutoBAn debateram sobre pontos que precisam de interven\u00e7\u00e3o infraestrutura.<\/p>\n","protected":false},"author":27,"featured_media":98449,"comment_status":"closed","ping_status":"0","sticky":false,"template":"","format":"standard","meta":{"footnotes":""},"categories":[8356],"tags":[],"class_list":["post-98448","post","type-post","status-publish","format-standard","has-post-thumbnail","hentry","category-jundiai"],"_links":{"self":[{"href":"https:\/\/tvtecjundiai.com.br\/news\/wp-json\/wp\/v2\/posts\/98448","targetHints":{"allow":["GET"]}}],"collection":[{"href":"https:\/\/tvtecjundiai.com.br\/news\/wp-json\/wp\/v2\/posts"}],"about":[{"href":"https:\/\/tvtecjundiai.com.br\/news\/wp-json\/wp\/v2\/types\/post"}],"author":[{"embeddable":true,"href":"https:\/\/tvtecjundiai.com.br\/news\/wp-json\/wp\/v2\/users\/27"}],"replies":[{"embeddable":true,"href":"https:\/\/tvtecjundiai.com.br\/news\/wp-json\/wp\/v2\/comments?post=98448"}],"version-history":[{"count":1,"href":"https:\/\/tvtecjundiai.com.br\/news\/wp-json\/wp\/v2\/posts\/98448\/revisions"}],"predecessor-version":[{"id":98450,"href":"https:\/\/tvtecjundiai.com.br\/news\/wp-json\/wp\/v2\/posts\/98448\/revisions\/98450"}],"wp:featuredmedia":[{"embeddable":true,"href":"https:\/\/tvtecjundiai.com.br\/news\/wp-json\/wp\/v2\/media\/98449"}],"wp:attachment":[{"href":"https:\/\/tvtecjundiai.com.br\/news\/wp-json\/wp\/v2\/media?parent=98448"}],"wp:term":[{"taxonomy":"category","embeddable":true,"href":"https:\/\/tvtecjundiai.com.br\/news\/wp-json\/wp\/v2\/categories?post=98448"},{"taxonomy":"post_tag","embeddable":true,"href":"https:\/\/tvtecjundiai.com.br\/news\/wp-json\/wp\/v2\/tags?post=98448"}],"curies":[{"name":"wp","href":"https:\/\/api.w.org\/{rel}","templated":true}]}}