{"id":98451,"date":"2022-09-16T12:16:58","date_gmt":"2022-09-16T15:16:58","guid":{"rendered":"https:\/\/tvtecjundiai.com.br\/news\/?p=98451"},"modified":"2022-09-16T13:15:18","modified_gmt":"2022-09-16T16:15:18","slug":"setembro-amarelo-funss-realiza-palestra-sobre-prevencao-do-suicidio-na-quarta-feira-21","status":"publish","type":"post","link":"https:\/\/tvtecjundiai.com.br\/news\/2022\/09\/16\/setembro-amarelo-funss-realiza-palestra-sobre-prevencao-do-suicidio-na-quarta-feira-21\/","title":{"rendered":"Setembro Amarelo: FUNSS realiza palestra sobre preven\u00e7\u00e3o do suic\u00eddio na quarta-feira (21)"},"content":{"rendered":"\n<p>Na pr\u00f3xima quarta-feira (21), \u00e0s 19h, a Prefeitura de Jundia\u00ed, por meio do Fundo Social de Solidariedade (Funss), promove uma palestra com o tema \u2018Suic\u00eddio: Aspectos mentais que podem levar a ele\u2019, comandada pelo psicanalista C\u00e1ssio Alvarenga Netto. O encontro ocorrer\u00e1 no audit\u00f3rio do Funss, no Parque da Uva. N\u00e3o \u00e9 necess\u00e1rio fazer inscri\u00e7\u00e3o para participar.<\/p>\n\n\n\n<p>\u201cVamos entender algumas caracter\u00edsticas do nosso desenvolvimento que podem levar a esse desfecho tr\u00e1gico como forma de prevenir e, principalmente, evitar\u201d, explicou o especialista.<\/p>\n\n\n\n<figure class=\"wp-block-image size-large\"><img loading=\"lazy\" decoding=\"async\" width=\"1200\" height=\"800\" src=\"https:\/\/tvtecjundiai.com.br\/news\/wp-content\/uploads\/sites\/2\/2022\/09\/fundo-social-fachada-1200x800.jpg\" alt=\"\" class=\"wp-image-98452\" srcset=\"https:\/\/tvtecjundiai.com.br\/news\/wp-content\/uploads\/sites\/2\/2022\/09\/fundo-social-fachada-1200x800.jpg 1200w, https:\/\/tvtecjundiai.com.br\/news\/wp-content\/uploads\/sites\/2\/2022\/09\/fundo-social-fachada-300x200.jpg 300w, https:\/\/tvtecjundiai.com.br\/news\/wp-content\/uploads\/sites\/2\/2022\/09\/fundo-social-fachada-768x512.jpg 768w, https:\/\/tvtecjundiai.com.br\/news\/wp-content\/uploads\/sites\/2\/2022\/09\/fundo-social-fachada.jpg 1280w\" sizes=\"auto, (max-width: 1200px) 100vw, 1200px\" \/><\/figure>\n\n\n\n<p>A palestra integra a programa\u00e7\u00e3o alusiva \u00e0 campanha Setembro Amarelo, que tem como foco a preven\u00e7\u00e3o da ocorr\u00eancia de suic\u00eddios a partir de a\u00e7\u00f5es de conscientiza\u00e7\u00e3o sobre o tema. O endere\u00e7o do Fundo Social \u00e9 avenida Dona Manoela Lacerda de Vergueiro, s\/n, port\u00e3o 03, bairro Anhangaba\u00fa. Informa\u00e7\u00f5es pelos telefones (11) 4589-6319, 4589-6320, 4589-6322.<\/p>\n\n\n\n<p><strong><em>(Fonte\/imagem: Prefeitura de Jundia\u00ed)<\/em><\/strong><\/p>\n","protected":false},"excerpt":{"rendered":"<p>N\u00e3o \u00e9 necess\u00e1rio fazer inscri\u00e7\u00e3o para participar do encontro<\/p>\n","protected":false},"author":27,"featured_media":98452,"comment_status":"closed","ping_status":"0","sticky":false,"template":"","format":"standard","meta":{"footnotes":""},"categories":[8356],"tags":[],"class_list":["post-98451","post","type-post","status-publish","format-standard","has-post-thumbnail","hentry","category-jundiai"],"_links":{"self":[{"href":"https:\/\/tvtecjundiai.com.br\/news\/wp-json\/wp\/v2\/posts\/98451","targetHints":{"allow":["GET"]}}],"collection":[{"href":"https:\/\/tvtecjundiai.com.br\/news\/wp-json\/wp\/v2\/posts"}],"about":[{"href":"https:\/\/tvtecjundiai.com.br\/news\/wp-json\/wp\/v2\/types\/post"}],"author":[{"embeddable":true,"href":"https:\/\/tvtecjundiai.com.br\/news\/wp-json\/wp\/v2\/users\/27"}],"replies":[{"embeddable":true,"href":"https:\/\/tvtecjundiai.com.br\/news\/wp-json\/wp\/v2\/comments?post=98451"}],"version-history":[{"count":2,"href":"https:\/\/tvtecjundiai.com.br\/news\/wp-json\/wp\/v2\/posts\/98451\/revisions"}],"predecessor-version":[{"id":98454,"href":"https:\/\/tvtecjundiai.com.br\/news\/wp-json\/wp\/v2\/posts\/98451\/revisions\/98454"}],"wp:featuredmedia":[{"embeddable":true,"href":"https:\/\/tvtecjundiai.com.br\/news\/wp-json\/wp\/v2\/media\/98452"}],"wp:attachment":[{"href":"https:\/\/tvtecjundiai.com.br\/news\/wp-json\/wp\/v2\/media?parent=98451"}],"wp:term":[{"taxonomy":"category","embeddable":true,"href":"https:\/\/tvtecjundiai.com.br\/news\/wp-json\/wp\/v2\/categories?post=98451"},{"taxonomy":"post_tag","embeddable":true,"href":"https:\/\/tvtecjundiai.com.br\/news\/wp-json\/wp\/v2\/tags?post=98451"}],"curies":[{"name":"wp","href":"https:\/\/api.w.org\/{rel}","templated":true}]}}