{"id":98480,"date":"2022-09-16T17:49:36","date_gmt":"2022-09-16T20:49:36","guid":{"rendered":"https:\/\/tvtecjundiai.com.br\/news\/?p=98480"},"modified":"2022-09-16T17:49:40","modified_gmt":"2022-09-16T20:49:40","slug":"delegacao-do-peama-embarca-rumo-aos-jogos-estaduais-das-olimpiadas-especiais-brasil","status":"publish","type":"post","link":"https:\/\/tvtecjundiai.com.br\/news\/2022\/09\/16\/delegacao-do-peama-embarca-rumo-aos-jogos-estaduais-das-olimpiadas-especiais-brasil\/","title":{"rendered":"Delega\u00e7\u00e3o do PEAMA embarca rumo aos Jogos Estaduais das Olimp\u00edadas Especiais Brasil"},"content":{"rendered":"\n<p>A delega\u00e7\u00e3o composta por atletas do Programa de Esportes e Atividades Motoras Adaptadas (PEAMA) embarcou, na manh\u00e3 desta sexta-feira (16), rumo aos Jogos Estaduais das Olimp\u00edadas Especiais Brasil. A etapa deste final de semana acontece em Guaratinguet\u00e1 e Jundia\u00ed tem a maior delega\u00e7\u00e3o de atletas no estado de S\u00e3o Paulo. No total, s\u00e3o 22 atletas classificados em 7 modalidades diferentes, al\u00e9m de 9 treinadores que tamb\u00e9m estar\u00e3o presentes.<\/p>\n\n\n\n<p>Os atletas se encontram no Bol\u00e3o e partiram em um clima cheio de empolga\u00e7\u00e3o na presen\u00e7a de muitos familiares. A competi\u00e7\u00e3o tamb\u00e9m servir\u00e1 como classificat\u00f3ria para a etapa Nacional que acontecer\u00e1 em Jundia\u00ed em novembro deste ano. Por isso, a equipe do PEAMA trabalha para ter o maior n\u00famero poss\u00edvel de atletas classificados.<\/p>\n\n\n\n<p>\u201cTemos a expectativa de que possamos conseguir as vagas para os Jogos Nacionais. Vamos a Guaratinguet\u00e1 com o objetivo de conquistar tamb\u00e9m o maior n\u00famero de classificados na etapa nacional\u201d, comenta C\u00e9sar Munir, diretor do Departamento de Esporte Adaptado (DEA) da Unidade de Gest\u00e3o de Esporte e Lazer (UGEL).<\/p>\n\n\n\n<figure class=\"wp-block-image\"><img decoding=\"async\" src=\"https:\/\/jundiai.sp.gov.br\/noticias\/wp-content\/uploads\/sites\/32\/2022\/09\/jogos-estaduais-das-olimpiadasespeciais-brasil_peama-18.jpg\" alt=\"\" class=\"wp-image-301523\" \/><figcaption>Atletas jundiaienses do PEAMA embarcam rumo a Guaratinguet\u00e1<\/figcaption><\/figure>\n\n\n\n<p>A abertura oficial dos jogos aconteceu nesta sexta-feira (16) no Complexo Esportivo do Parque do Sol. As Olimp\u00edadas Especiais ou Special Olympics s\u00e3o um movimento global sem fins econ\u00f4micos, que proporcionam treinamento e competi\u00e7\u00f5es esportivas para atletas com defici\u00eancia intelectual durante todo o ano em diversas modalidades ol\u00edmpicas.<\/p>\n\n\n\n<p>Atletismo, nata\u00e7\u00e3o t\u00eanis, bocha e gin\u00e1stica art\u00edstica s\u00e3o as modalidades em que Jundia\u00ed se classificou. Al\u00e9m destas, haver\u00e1 tamb\u00e9m a busca por vagas nas modalidades basquete t\u00eanis de mesa.<\/p>\n\n\n\n<p>Idealizado e implantado em 1996, o&nbsp;<strong>Programa de Esportes e Atividades Motoras Adaptadas (PEAMA)<\/strong>, da Unidade de Gest\u00e3o de Esporte e Lazer (UGEL) da Prefeitura de Jundia\u00ed, tem como objetivo principal democratizar o acesso \u00e0s atividades esportivas, e assim incluir pessoas com defici\u00eancia utilizando o esporte como ferramenta.<\/p>\n\n\n\n<figure class=\"wp-block-image\"><img decoding=\"async\" src=\"https:\/\/jundiai.sp.gov.br\/noticias\/wp-content\/uploads\/sites\/32\/2022\/09\/jogos-estaduais-das-olimpiadasespeciais-brasil_peama-5.jpg\" alt=\"\" class=\"wp-image-301524\" \/><figcaption>Jundia\u00ed tem a maior delega\u00e7\u00e3o do estado de S\u00e3o Paulo<\/figcaption><\/figure>\n\n\n\n<p><strong><em>(Fonte\/Imagem: Prefeitura de Jundia\u00ed)<\/em><\/strong><\/p>\n","protected":false},"excerpt":{"rendered":"<p>Os atletas se encontram no Bol\u00e3o e partiram em um clima cheio de empolga\u00e7\u00e3o.<\/p>\n","protected":false},"author":27,"featured_media":98481,"comment_status":"closed","ping_status":"0","sticky":false,"template":"","format":"standard","meta":{"footnotes":""},"categories":[2827,5706,8356],"tags":[],"class_list":["post-98480","post","type-post","status-publish","format-standard","has-post-thumbnail","hentry","category-esportes-e-lazer","category-inclusao","category-jundiai"],"_links":{"self":[{"href":"https:\/\/tvtecjundiai.com.br\/news\/wp-json\/wp\/v2\/posts\/98480","targetHints":{"allow":["GET"]}}],"collection":[{"href":"https:\/\/tvtecjundiai.com.br\/news\/wp-json\/wp\/v2\/posts"}],"about":[{"href":"https:\/\/tvtecjundiai.com.br\/news\/wp-json\/wp\/v2\/types\/post"}],"author":[{"embeddable":true,"href":"https:\/\/tvtecjundiai.com.br\/news\/wp-json\/wp\/v2\/users\/27"}],"replies":[{"embeddable":true,"href":"https:\/\/tvtecjundiai.com.br\/news\/wp-json\/wp\/v2\/comments?post=98480"}],"version-history":[{"count":1,"href":"https:\/\/tvtecjundiai.com.br\/news\/wp-json\/wp\/v2\/posts\/98480\/revisions"}],"predecessor-version":[{"id":98482,"href":"https:\/\/tvtecjundiai.com.br\/news\/wp-json\/wp\/v2\/posts\/98480\/revisions\/98482"}],"wp:featuredmedia":[{"embeddable":true,"href":"https:\/\/tvtecjundiai.com.br\/news\/wp-json\/wp\/v2\/media\/98481"}],"wp:attachment":[{"href":"https:\/\/tvtecjundiai.com.br\/news\/wp-json\/wp\/v2\/media?parent=98480"}],"wp:term":[{"taxonomy":"category","embeddable":true,"href":"https:\/\/tvtecjundiai.com.br\/news\/wp-json\/wp\/v2\/categories?post=98480"},{"taxonomy":"post_tag","embeddable":true,"href":"https:\/\/tvtecjundiai.com.br\/news\/wp-json\/wp\/v2\/tags?post=98480"}],"curies":[{"name":"wp","href":"https:\/\/api.w.org\/{rel}","templated":true}]}}