{"id":98486,"date":"2022-09-16T17:59:57","date_gmt":"2022-09-16T20:59:57","guid":{"rendered":"https:\/\/tvtecjundiai.com.br\/news\/?p=98486"},"modified":"2022-09-16T18:00:02","modified_gmt":"2022-09-16T21:00:02","slug":"em-encontro-com-prefeito-dexco-deca-anuncia-ampliacao-em-jundiai","status":"publish","type":"post","link":"https:\/\/tvtecjundiai.com.br\/news\/2022\/09\/16\/em-encontro-com-prefeito-dexco-deca-anuncia-ampliacao-em-jundiai\/","title":{"rendered":"Em encontro com prefeito, Dexco (Deca) anuncia amplia\u00e7\u00e3o em Jundia\u00ed"},"content":{"rendered":"\n<p>O prefeito Luiz Fernando Machado recebeu quinta-feira (15), no tradicional \u201cCaf\u00e9 com Setor Produtivo\u201d, Mario Celso Martins, gerente industrial da Dexco e respons\u00e1vel pela unidade da Deca em Jundia\u00ed.<\/p>\n\n\n\n<p>No encontro, foi anunciada a amplia\u00e7\u00e3o da f\u00e1brica de metais e lou\u00e7as da marca Deca na cidade. Atualmente, a unidade emprega aproximadamente 1600 pessoas na produ\u00e7\u00e3o de metais e lou\u00e7as.<\/p>\n\n\n\n<p>\u201cO Caf\u00e9 com o setor produtivo \u00e9 importante para nossa gest\u00e3o pois funciona como um term\u00f4metro para sabermos as demandas das empresas, os pr\u00f3ximos passos e buscar onde podemos melhorar para manter este ambiente amig\u00e1vel. Somos muito gratos \u00e0 Dexco que nos ajudou a levar o Hospital S\u00e3o Vicente ao n\u00edvel de excel\u00eancia que se encontra hoje. N\u00e3o fosse o apoio da iniciativa privada, n\u00e3o conseguir\u00edamos construir nada sozinho e estamos felizes em saber que a empresa vai expandir neg\u00f3cios na nossa cidade\u201d, explica o prefeito Luiz Fernando Machado.<\/p>\n\n\n\n<figure class=\"wp-block-image\"><img decoding=\"async\" src=\"https:\/\/jundiai.sp.gov.br\/noticias\/wp-content\/uploads\/sites\/32\/2022\/09\/reuniao_dexco_gabinete-14.jpg\" alt=\"\" class=\"wp-image-301490\" \/><figcaption>Caf\u00e9 com o Setor Produtivo \u00e9 realizado semanalmente pelo Prefeito<\/figcaption><\/figure>\n\n\n\n<p>A Dexco, por meio da Deca, foi uma das primeiras empresas a investir no projeto \u201cAcolha um Quarto, Conforte Vidas\u201d, que teve como objetivo revitalizar os 72 quartos da entidade.<\/p>\n\n\n\n<p>\u201cA empresa est\u00e1 muito satisfeita em estar em Jundia\u00ed. A f\u00e1brica da cidade \u00e9 nossa principal unidade da Deca e a amplia\u00e7\u00e3o do pr\u00e9dio ser\u00e1 importante para a Dexco. O encontro com o prefeito \u00e9 muito importante para sempre mantermos uma boa rela\u00e7\u00e3o com o Poder P\u00fablico e tamb\u00e9m nos disponibilizarmos em colaborar com o desenvolvimento da cidade\u201d, explica Mario Celso Martins.<\/p>\n\n\n\n<p>\u201cEstamos crescendo de maneira organizada e atrav\u00e9s de a\u00e7\u00f5es de fomento \u00e0 economia local, para tornar a cidade cada vez mais competitiva na atra\u00e7\u00e3o de empresas e gera\u00e7\u00e3o de empregos, sem deixar de lado a sustentabilidade e a inova\u00e7\u00e3o. Isso tem sido visto como um diferencial e tem atra\u00eddo grandes investimentos\u201d, explicou o gestor de Governo e Finan\u00e7as, Jos\u00e9 Ant\u00f4nio Parimoschi.<\/p>\n\n\n\n<p>Participaram do encontro o gestor da Unidade de Gest\u00e3o de Casa Civil (UGCC), Gustavo Maryssael de Campos, o gestor de Desenvolvimento Econ\u00f4mico, Ci\u00eancia e Tecnologia, Cristiano Lopes, o diretor de Fomento \u00e0 Ind\u00fastria, Gilson Pichioli e a diretora da Unidade Central de Parcerias Estrat\u00e9gicas, Daniele Ruiz.<\/p>\n\n\n\n<p><strong><em>(Fonte\/Imagem: Prefeitura de Jundia\u00ed)<\/em><\/strong><\/p>\n","protected":false},"excerpt":{"rendered":"<p>Atualmente, a unidade emprega aproximadamente 1600 pessoas na produ\u00e7\u00e3o de metais e lou\u00e7as.<\/p>\n","protected":false},"author":27,"featured_media":98487,"comment_status":"closed","ping_status":"0","sticky":false,"template":"","format":"standard","meta":{"footnotes":""},"categories":[8356],"tags":[],"class_list":["post-98486","post","type-post","status-publish","format-standard","has-post-thumbnail","hentry","category-jundiai"],"_links":{"self":[{"href":"https:\/\/tvtecjundiai.com.br\/news\/wp-json\/wp\/v2\/posts\/98486","targetHints":{"allow":["GET"]}}],"collection":[{"href":"https:\/\/tvtecjundiai.com.br\/news\/wp-json\/wp\/v2\/posts"}],"about":[{"href":"https:\/\/tvtecjundiai.com.br\/news\/wp-json\/wp\/v2\/types\/post"}],"author":[{"embeddable":true,"href":"https:\/\/tvtecjundiai.com.br\/news\/wp-json\/wp\/v2\/users\/27"}],"replies":[{"embeddable":true,"href":"https:\/\/tvtecjundiai.com.br\/news\/wp-json\/wp\/v2\/comments?post=98486"}],"version-history":[{"count":1,"href":"https:\/\/tvtecjundiai.com.br\/news\/wp-json\/wp\/v2\/posts\/98486\/revisions"}],"predecessor-version":[{"id":98488,"href":"https:\/\/tvtecjundiai.com.br\/news\/wp-json\/wp\/v2\/posts\/98486\/revisions\/98488"}],"wp:featuredmedia":[{"embeddable":true,"href":"https:\/\/tvtecjundiai.com.br\/news\/wp-json\/wp\/v2\/media\/98487"}],"wp:attachment":[{"href":"https:\/\/tvtecjundiai.com.br\/news\/wp-json\/wp\/v2\/media?parent=98486"}],"wp:term":[{"taxonomy":"category","embeddable":true,"href":"https:\/\/tvtecjundiai.com.br\/news\/wp-json\/wp\/v2\/categories?post=98486"},{"taxonomy":"post_tag","embeddable":true,"href":"https:\/\/tvtecjundiai.com.br\/news\/wp-json\/wp\/v2\/tags?post=98486"}],"curies":[{"name":"wp","href":"https:\/\/api.w.org\/{rel}","templated":true}]}}