{"id":985,"date":"2017-09-23T13:30:14","date_gmt":"2017-09-23T16:30:14","guid":{"rendered":"https:\/\/tvtecjundiai.com.br\/news\/?p=985"},"modified":"2017-09-23T13:30:21","modified_gmt":"2017-09-23T16:30:21","slug":"economia-funss-abre-inscricao-para-curso-de-vitrinista","status":"publish","type":"post","link":"https:\/\/tvtecjundiai.com.br\/news\/2017\/09\/23\/economia-funss-abre-inscricao-para-curso-de-vitrinista\/","title":{"rendered":"Economia: Funss abre inscri\u00e7\u00e3o para curso de Vitrinista"},"content":{"rendered":"<p>O Fundo Social de Solidariedade (Funss) abre, nesta segunda-feira (25), inscri\u00e7\u00f5es para o curso de Vitrinista. No total, ser\u00e3o disponibilizadas 20 vagas para pessoas com 18 anos ou mais, residentes em Jundia\u00ed e com Ensino Fundamental completo. As inscri\u00e7\u00f5es s\u00e3o presenciais e os interessados deve ir pessoalmente ao Funss, que fica dentro do Parque da Uva, com acesso pela avenida Dona Manoela Lacerda de Vergueiro, s\/n, port\u00e3o 03, bairro Anhangaba\u00fa. O funcionamento \u00e9 de segunda a sexta-feira, das 8 \u00e0s 17 horas.<\/p>\n<p><strong>LEIA TAMB\u00c9M<\/strong><br \/>\n<a href=\"https:\/\/www.jundiai.sp.gov.br\/noticias\/2017\/09\/22\/campanha-de-inverno-bate-recorde-em-doacoes\/\" target=\"_blank\" rel=\"noopener\">Campanha de Inverno bate recorde em doa\u00e7\u00f5es<\/a><\/p>\n<p>No momento da inscri\u00e7\u00e3o \u00e9 preciso apresentar\u00a0originais e c\u00f3pias do RG, CPF e Comprovante de Resid\u00eancia,\u00a0que necessariamente deve ser\u00a0o Carn\u00ea de IPTU de Jundia\u00ed ou uma conta de \u00e1gua, luz ou telefone em nome do aluno\u00a0e tamb\u00e9m:<\/p>\n<ul>\n<li>RG ou Certid\u00e3o de Nascimento: quando o comprovante estiver em nome dos pais;<\/li>\n<li>Certid\u00e3o de Casamento: quando o comprovante estiver em nome do c\u00f4njuge;<\/li>\n<li>Contrato de Loca\u00e7\u00e3o: quando o contrato estiver em nome do aluno;<\/li>\n<li>Contrato de Loca\u00e7\u00e3o + Certid\u00e3o de Casamento: quando o contrato estiver em nome do c\u00f4njuge.<\/li>\n<\/ul>\n<p>Ser\u00e3o aceitos, conforme quantidade de vagas, os primeiros inscritos que cumprirem os requisitos acima. A capacita\u00e7\u00e3o \u00e9 gratuita e resultado de uma parceria entre a Prefeitura de Jundia\u00ed, o Centro Paula Souza, a ETEC Benedito Storani e o SEBRAE, por meio do Programa Super MEI. No m\u00f3dulo, os alunos ir\u00e3o aprender sobre o planejamento da montagem de vitrines e a exposi\u00e7\u00e3o dos produtos nos pontos de venda com a inten\u00e7\u00e3o de atrair o consumidor e impulsionar a venda nos diversos segmentos do mercado de varejo.<\/p>\n<p>O curso de Vitrinista come\u00e7ar\u00e1 no dia 16 de outubro e terminar\u00e1 no dia 31 do mesmo m\u00eas. As aulas ser\u00e3o ministradas na sede do Fundo Social de Solidariedade, de segunda a sexta-feira, das 18h30 \u00e0s 22h30. Mais informa\u00e7\u00f5es podem ser obtidas pelos telefones (11) 4521-2929, 4521-2762 e 4521-6833.<\/p>\n<p><em>Fonte: Prefeitura de Jundia\u00ed<\/em><\/p>\n","protected":false},"excerpt":{"rendered":"<p>As inscri\u00e7\u00f5es, s\u00f3 para maiores de 18 anos, come\u00e7am nesta segunda, a partir das 8 horas<\/p>\n","protected":false},"author":8,"featured_media":986,"comment_status":"closed","ping_status":"closed","sticky":false,"template":"","format":"standard","meta":{"footnotes":""},"categories":[1],"tags":[63,62,5,571],"class_list":["post-985","post","type-post","status-publish","format-standard","has-post-thumbnail","hentry","category-noticias","tag-curso","tag-funss","tag-jundiai","tag-vitrinista"],"_links":{"self":[{"href":"https:\/\/tvtecjundiai.com.br\/news\/wp-json\/wp\/v2\/posts\/985","targetHints":{"allow":["GET"]}}],"collection":[{"href":"https:\/\/tvtecjundiai.com.br\/news\/wp-json\/wp\/v2\/posts"}],"about":[{"href":"https:\/\/tvtecjundiai.com.br\/news\/wp-json\/wp\/v2\/types\/post"}],"author":[{"embeddable":true,"href":"https:\/\/tvtecjundiai.com.br\/news\/wp-json\/wp\/v2\/users\/8"}],"replies":[{"embeddable":true,"href":"https:\/\/tvtecjundiai.com.br\/news\/wp-json\/wp\/v2\/comments?post=985"}],"version-history":[{"count":2,"href":"https:\/\/tvtecjundiai.com.br\/news\/wp-json\/wp\/v2\/posts\/985\/revisions"}],"predecessor-version":[{"id":988,"href":"https:\/\/tvtecjundiai.com.br\/news\/wp-json\/wp\/v2\/posts\/985\/revisions\/988"}],"wp:featuredmedia":[{"embeddable":true,"href":"https:\/\/tvtecjundiai.com.br\/news\/wp-json\/wp\/v2\/media\/986"}],"wp:attachment":[{"href":"https:\/\/tvtecjundiai.com.br\/news\/wp-json\/wp\/v2\/media?parent=985"}],"wp:term":[{"taxonomy":"category","embeddable":true,"href":"https:\/\/tvtecjundiai.com.br\/news\/wp-json\/wp\/v2\/categories?post=985"},{"taxonomy":"post_tag","embeddable":true,"href":"https:\/\/tvtecjundiai.com.br\/news\/wp-json\/wp\/v2\/tags?post=985"}],"curies":[{"name":"wp","href":"https:\/\/api.w.org\/{rel}","templated":true}]}}