{"id":98564,"date":"2022-09-19T15:58:11","date_gmt":"2022-09-19T18:58:11","guid":{"rendered":"https:\/\/tvtecjundiai.com.br\/news\/?p=98564"},"modified":"2022-09-19T15:58:21","modified_gmt":"2022-09-19T18:58:21","slug":"unidade-de-entregas-segue-monitorando-os-projetos-prioritarios-em-reuniao-de-plataformas","status":"publish","type":"post","link":"https:\/\/tvtecjundiai.com.br\/news\/2022\/09\/19\/unidade-de-entregas-segue-monitorando-os-projetos-prioritarios-em-reuniao-de-plataformas\/","title":{"rendered":"Unidade de Entregas segue monitorando os projetos priorit\u00e1rios em reuni\u00e3o de plataformas"},"content":{"rendered":"\n<p>Nesta segunda-feira (19) aconteceu nova Reuni\u00e3o de Plataformas, na Sala de Situa\u00e7\u00e3o, com o objetivo de monitorar os projetos priorit\u00e1rios do munic\u00edpio. O tradicional encontro \u2013 institu\u00eddo desde 2017, reuniu os gestores de todas as Unidades de Gest\u00e3o (UGs), sob a coordena\u00e7\u00e3o do gestor da Unidade de Governo e Finan\u00e7as, Jos\u00e9 Antonio Parimoschi, com o objetivo de detalhar os cronogramas dos projetos e obras priorit\u00e1rias para a popula\u00e7\u00e3o.<\/p>\n\n\n\n<figure class=\"wp-block-image\"><img decoding=\"async\" src=\"https:\/\/jundiai.sp.gov.br\/noticias\/wp-content\/uploads\/sites\/32\/2022\/09\/reuniao-de-monitoramento_fm_-22.jpg\" alt=\"\" class=\"wp-image-301656\" \/><figcaption>Reuni\u00e3o de monitoramento tem como objetivo alinhar detalhes para entregar os servi\u00e7os \u00e0 popula\u00e7\u00e3o<\/figcaption><\/figure>\n\n\n\n<p>Uma das principais defini\u00e7\u00f5es do dia foi a retomada das obras da Cl\u00ednica da Fam\u00edlia\/PA da Ponte S\u00e3o Jo\u00e3o, para o dia 26 de setembro. O modelo de servi\u00e7o ser\u00e1 semelhante ao que foi desenhado para os equipamentos implantados no Jardim Novo Horizonte e na Vila Hortol\u00e2ndia, esse entregue no \u00faltimo s\u00e1bado (17). \u201cO monitoramento de cada um dos projetos priorit\u00e1rios segue o modelo de escrit\u00f3rio de projetos (PMO) utilizado pela iniciativa privada. Esses encontros s\u00e3o importantes para destravar os gargalos existentes nos projetos, com o objetivo de acelerar as entregas dessas obras para os nossos mun\u00edcipes \u201d, explica o Gestor de Governo e Finan\u00e7as, Jos\u00e9 Antonio Parimoschi.<\/p>\n\n\n\n<p>Al\u00e9m desta obra, que j\u00e1 conta com grupo de monitoramento formado pela popula\u00e7\u00e3o da regi\u00e3o Leste, tamb\u00e9m foi definida a data de entrega do Parque Linear no bairro Parque da Represa, que acontecer\u00e1 no pr\u00f3ximo final de semana.<\/p>\n\n\n\n<p>Detalhes das obras de requalifica\u00e7\u00e3o de espa\u00e7os p\u00fablicos, constru\u00e7\u00e3o e reformas de escolas e unidades b\u00e1sicas de sa\u00fade, regulariza\u00e7\u00e3o de moradias e da constru\u00e7\u00e3o de piscina adaptada no CECE Dr. Nicolino de Luca (Bol\u00e3o), tamb\u00e9m entraram em pauta, entre outras obras e projetos importantes para o desenvolvimento do munic\u00edpio.<\/p>\n\n\n\n<p><br><strong><em>(Fonte\/Imagem: Prefeitura de Jundia\u00ed)<\/em><\/strong><\/p>\n","protected":false},"excerpt":{"rendered":"<p>Uma das principais defini\u00e7\u00f5es do dia foi a retomada das obras da Cl\u00ednica da Fam\u00edlia\/PA da Ponte S\u00e3o Jo\u00e3o.<\/p>\n","protected":false},"author":27,"featured_media":98566,"comment_status":"closed","ping_status":"0","sticky":false,"template":"","format":"standard","meta":{"footnotes":""},"categories":[8356],"tags":[],"class_list":["post-98564","post","type-post","status-publish","format-standard","has-post-thumbnail","hentry","category-jundiai"],"_links":{"self":[{"href":"https:\/\/tvtecjundiai.com.br\/news\/wp-json\/wp\/v2\/posts\/98564","targetHints":{"allow":["GET"]}}],"collection":[{"href":"https:\/\/tvtecjundiai.com.br\/news\/wp-json\/wp\/v2\/posts"}],"about":[{"href":"https:\/\/tvtecjundiai.com.br\/news\/wp-json\/wp\/v2\/types\/post"}],"author":[{"embeddable":true,"href":"https:\/\/tvtecjundiai.com.br\/news\/wp-json\/wp\/v2\/users\/27"}],"replies":[{"embeddable":true,"href":"https:\/\/tvtecjundiai.com.br\/news\/wp-json\/wp\/v2\/comments?post=98564"}],"version-history":[{"count":1,"href":"https:\/\/tvtecjundiai.com.br\/news\/wp-json\/wp\/v2\/posts\/98564\/revisions"}],"predecessor-version":[{"id":98567,"href":"https:\/\/tvtecjundiai.com.br\/news\/wp-json\/wp\/v2\/posts\/98564\/revisions\/98567"}],"wp:featuredmedia":[{"embeddable":true,"href":"https:\/\/tvtecjundiai.com.br\/news\/wp-json\/wp\/v2\/media\/98566"}],"wp:attachment":[{"href":"https:\/\/tvtecjundiai.com.br\/news\/wp-json\/wp\/v2\/media?parent=98564"}],"wp:term":[{"taxonomy":"category","embeddable":true,"href":"https:\/\/tvtecjundiai.com.br\/news\/wp-json\/wp\/v2\/categories?post=98564"},{"taxonomy":"post_tag","embeddable":true,"href":"https:\/\/tvtecjundiai.com.br\/news\/wp-json\/wp\/v2\/tags?post=98564"}],"curies":[{"name":"wp","href":"https:\/\/api.w.org\/{rel}","templated":true}]}}