{"id":98569,"date":"2022-09-19T16:33:22","date_gmt":"2022-09-19T19:33:22","guid":{"rendered":"https:\/\/tvtecjundiai.com.br\/news\/?p=98569"},"modified":"2022-09-19T16:33:26","modified_gmt":"2022-09-19T19:33:26","slug":"dae-participa-de-webinar-sobre-o-rio-jundiai","status":"publish","type":"post","link":"https:\/\/tvtecjundiai.com.br\/news\/2022\/09\/19\/dae-participa-de-webinar-sobre-o-rio-jundiai\/","title":{"rendered":"DAE participa de webinar sobre o rio Jundia\u00ed"},"content":{"rendered":"\n<p>As servidoras Maria Carolina Dutra Hertel e Sim\u00f5es e Claudia Debroi, da Se\u00e7\u00e3o de Licenciamento Ambiental, participam, nesta sexta-feira (23), das 14 \u00e0s 17 horas do 3\u00ba Webinar \u201cConversando sobre o Rio Jundia\u00ed\u201d, promovido pela C\u00e2mara T\u00e9cnica de Outorgas e Licen\u00e7as (CT-OL) dos Comit\u00eas PCJ e pelo Grupo de Trabalho de Enquadramento dos Corpos d\u2019\u00e1gua. O tema escolhido \u00e9 \u201cA import\u00e2ncia do patrim\u00f4nio hist\u00f3rico e cultural para a efetiva\u00e7\u00e3o do enquadramento do Rio Jundia\u00ed\u201d.<\/p>\n\n\n\n<figure class=\"wp-block-image\"><img decoding=\"async\" src=\"https:\/\/jundiai.sp.gov.br\/noticias\/wp-content\/uploads\/sites\/32\/2022\/09\/rio-jundiai.jpg\" alt=\"\" class=\"wp-image-301662\" \/><figcaption>Encontro, realizado no dia do rio Jundia\u00ed, vai debater a import\u00e2ncia do patrim\u00f4nio hist\u00f3rico e cultural<\/figcaption><\/figure>\n\n\n\n<p>O webin\u00e1rio \u00e9 realizado anualmente no m\u00eas de setembro, na data em que se comemora o dia do Rio Jundia\u00ed (23\/09). A principal proposta \u00e9 divulgar a\u00e7\u00f5es do programa de efetiva\u00e7\u00e3o do enquadramento do rio Jundia\u00ed, de modo a sensibilizar os atores sociais da bacia a agirem de modo articulado e integrado, com foco nesta efetiva\u00e7\u00e3o.<\/p>\n\n\n\n<p>Maria Carolina participa do projeto como coordenadora do Grupo de Trabalho de Enquadramento, enquanto Cl\u00e1udia ser\u00e1 a mediadora do encontro. Para assistir, \u00e9 necess\u00e1rio realizar a inscri\u00e7\u00e3o pelo link:&nbsp;<a href=\"https:\/\/bit.ly.\/Inscricao_CT-OL\">https:\/\/bit.ly.\/Inscricao_CT-OL<\/a>. Os inscritos receber\u00e3o o link para acesso a transmiss\u00e3o pelo YouTube ao final do preenchimento do formul\u00e1rio. D\u00favidas sobre o evento podem ser encaminhadas para a coordena\u00e7\u00e3o da CT-OL, pelo e-mail ctol@comites.baciaspcj.org.br.<\/p>\n\n\n\n<p><strong>Despolui\u00e7\u00e3o<\/strong><\/p>\n\n\n\n<p>O rio Jundia\u00ed tornou-se o primeiro do pa\u00eds a ser reenquadrado \u2013 de classe 4 para classe 3 \u2013 pelo Conselho de Recursos H\u00eddricos do Estado de S\u00e3o Paulo (CRH). Com essa medida, suas \u00e1guas podem ser utilizadas para consumo humano, ap\u00f3s tratamento, ao longo de todo o trajeto de 123 km, cortando oito munic\u00edpios.<\/p>\n\n\n\n<p>O envolvimento da DAE Jundia\u00ed foi essencial para que o rio Jundia\u00ed alcan\u00e7asse esta nova posi\u00e7\u00e3o. A equipe t\u00e9cnica da empresa teve participa\u00e7\u00e3o ativa desde a cria\u00e7\u00e3o do Cerju (Comit\u00ea de Estudos e Recupera\u00e7\u00e3o do Rio Jundia\u00ed), em 1984. Al\u00e9m disso, a DAE colaborou, ao longo dos anos, com investimentos focados na constru\u00e7\u00e3o de redes de esgoto e esta\u00e7\u00f5es de tratamento na cidade.<\/p>\n\n\n\n<p><strong><em>(Fonte\/imagem: DAE Jundia\u00ed)<\/em><\/strong><\/p>\n","protected":false},"excerpt":{"rendered":"<p>A principal proposta \u00e9 divulgar a\u00e7\u00f5es do programa de efetiva\u00e7\u00e3o do enquadramento do rio Jundia\u00ed.<\/p>\n","protected":false},"author":27,"featured_media":98570,"comment_status":"closed","ping_status":"0","sticky":false,"template":"","format":"standard","meta":{"footnotes":""},"categories":[8356],"tags":[],"class_list":["post-98569","post","type-post","status-publish","format-standard","has-post-thumbnail","hentry","category-jundiai"],"_links":{"self":[{"href":"https:\/\/tvtecjundiai.com.br\/news\/wp-json\/wp\/v2\/posts\/98569","targetHints":{"allow":["GET"]}}],"collection":[{"href":"https:\/\/tvtecjundiai.com.br\/news\/wp-json\/wp\/v2\/posts"}],"about":[{"href":"https:\/\/tvtecjundiai.com.br\/news\/wp-json\/wp\/v2\/types\/post"}],"author":[{"embeddable":true,"href":"https:\/\/tvtecjundiai.com.br\/news\/wp-json\/wp\/v2\/users\/27"}],"replies":[{"embeddable":true,"href":"https:\/\/tvtecjundiai.com.br\/news\/wp-json\/wp\/v2\/comments?post=98569"}],"version-history":[{"count":1,"href":"https:\/\/tvtecjundiai.com.br\/news\/wp-json\/wp\/v2\/posts\/98569\/revisions"}],"predecessor-version":[{"id":98571,"href":"https:\/\/tvtecjundiai.com.br\/news\/wp-json\/wp\/v2\/posts\/98569\/revisions\/98571"}],"wp:featuredmedia":[{"embeddable":true,"href":"https:\/\/tvtecjundiai.com.br\/news\/wp-json\/wp\/v2\/media\/98570"}],"wp:attachment":[{"href":"https:\/\/tvtecjundiai.com.br\/news\/wp-json\/wp\/v2\/media?parent=98569"}],"wp:term":[{"taxonomy":"category","embeddable":true,"href":"https:\/\/tvtecjundiai.com.br\/news\/wp-json\/wp\/v2\/categories?post=98569"},{"taxonomy":"post_tag","embeddable":true,"href":"https:\/\/tvtecjundiai.com.br\/news\/wp-json\/wp\/v2\/tags?post=98569"}],"curies":[{"name":"wp","href":"https:\/\/api.w.org\/{rel}","templated":true}]}}