{"id":98589,"date":"2022-09-20T11:04:30","date_gmt":"2022-09-20T14:04:30","guid":{"rendered":"https:\/\/tvtecjundiai.com.br\/news\/?p=98589"},"modified":"2022-09-20T11:19:21","modified_gmt":"2022-09-20T14:19:21","slug":"varejao-noturno-acontece-na-av-9-de-julho-a-partir-de-quarta-feira-21","status":"publish","type":"post","link":"https:\/\/tvtecjundiai.com.br\/news\/2022\/09\/20\/varejao-noturno-acontece-na-av-9-de-julho-a-partir-de-quarta-feira-21\/","title":{"rendered":"Varej\u00e3o Noturno acontece na Avenida 9 de Julho a partir de quarta-feira (21)"},"content":{"rendered":"\n<p>A Unidade de Gest\u00e3o de Agroneg\u00f3cio, Abastecimento e Turismo (UGAAT) informa que, a partir da pr\u00f3xima quarta-feira (21), o Varej\u00e3o Noturno do CECE Dal Santo, localizado na Vila Rami, ser\u00e1 transferido para Pra\u00e7a Dr. Arthur Ricci (Pra\u00e7a C\u00edvica), na Avenida 9 de Julho. O varej\u00e3o 9 de Julho acontece das 16h \u00e0s 21h e oferece variedade de frutas, verduras, legumes, pastel, caldo de cana, milho, salgadinhos no copo, crepes, churros e latic\u00ednios.<\/p>\n\n\n\n<p>Para complementar e atender ao p\u00fablico infantil, o varej\u00e3o tamb\u00e9m contar\u00e1 com servi\u00e7o de recrea\u00e7\u00e3o infantil, com cama el\u00e1stica.<\/p>\n\n\n\n<figure class=\"wp-block-image\"><img decoding=\"async\" src=\"https:\/\/jundiai.sp.gov.br\/noticias\/wp-content\/uploads\/sites\/32\/2022\/09\/varejao-noturno_eloy-chaves-16.jpg\" alt=\"Foto geral do varej\u00e3o Noturno do bairro Eloy Chaves\" class=\"wp-image-301682\" \/><figcaption>Varej\u00e3o noturno acontecer\u00e1 na Avenida 9 de Julho a partir desta quarta-feira<\/figcaption><\/figure>\n\n\n\n<p><strong><em>(Fonte\/imagem: Prefeitura de Jundia\u00ed)<\/em><\/strong><\/p>\n","protected":false},"excerpt":{"rendered":"<p>Para complementar e atender ao p\u00fablico infantil, o varej\u00e3o tamb\u00e9m contar\u00e1 com servi\u00e7o de recrea\u00e7\u00e3o<\/p>\n","protected":false},"author":27,"featured_media":98590,"comment_status":"closed","ping_status":"0","sticky":false,"template":"","format":"standard","meta":{"footnotes":""},"categories":[8356],"tags":[],"class_list":["post-98589","post","type-post","status-publish","format-standard","has-post-thumbnail","hentry","category-jundiai"],"_links":{"self":[{"href":"https:\/\/tvtecjundiai.com.br\/news\/wp-json\/wp\/v2\/posts\/98589","targetHints":{"allow":["GET"]}}],"collection":[{"href":"https:\/\/tvtecjundiai.com.br\/news\/wp-json\/wp\/v2\/posts"}],"about":[{"href":"https:\/\/tvtecjundiai.com.br\/news\/wp-json\/wp\/v2\/types\/post"}],"author":[{"embeddable":true,"href":"https:\/\/tvtecjundiai.com.br\/news\/wp-json\/wp\/v2\/users\/27"}],"replies":[{"embeddable":true,"href":"https:\/\/tvtecjundiai.com.br\/news\/wp-json\/wp\/v2\/comments?post=98589"}],"version-history":[{"count":2,"href":"https:\/\/tvtecjundiai.com.br\/news\/wp-json\/wp\/v2\/posts\/98589\/revisions"}],"predecessor-version":[{"id":98592,"href":"https:\/\/tvtecjundiai.com.br\/news\/wp-json\/wp\/v2\/posts\/98589\/revisions\/98592"}],"wp:featuredmedia":[{"embeddable":true,"href":"https:\/\/tvtecjundiai.com.br\/news\/wp-json\/wp\/v2\/media\/98590"}],"wp:attachment":[{"href":"https:\/\/tvtecjundiai.com.br\/news\/wp-json\/wp\/v2\/media?parent=98589"}],"wp:term":[{"taxonomy":"category","embeddable":true,"href":"https:\/\/tvtecjundiai.com.br\/news\/wp-json\/wp\/v2\/categories?post=98589"},{"taxonomy":"post_tag","embeddable":true,"href":"https:\/\/tvtecjundiai.com.br\/news\/wp-json\/wp\/v2\/tags?post=98589"}],"curies":[{"name":"wp","href":"https:\/\/api.w.org\/{rel}","templated":true}]}}