{"id":98612,"date":"2022-09-21T08:51:24","date_gmt":"2022-09-21T11:51:24","guid":{"rendered":"https:\/\/tvtecjundiai.com.br\/news\/?p=98612"},"modified":"2022-09-21T08:51:25","modified_gmt":"2022-09-21T11:51:25","slug":"empresa-realiza-processo-seletivo-no-espaco-jundiai-empreendedora-para-47-vagas","status":"publish","type":"post","link":"https:\/\/tvtecjundiai.com.br\/news\/2022\/09\/21\/empresa-realiza-processo-seletivo-no-espaco-jundiai-empreendedora-para-47-vagas\/","title":{"rendered":"Empresa realiza processo seletivo no Espa\u00e7o Jundia\u00ed Empreendedora para 47 vagas"},"content":{"rendered":"\n<p>Com apoio da Unidade de Desenvolvimento Econ\u00f4mico, Ci\u00eancia e Tecnologia (UGDECT) com o portal Jundia\u00ed Empreendedora, Ara Group, empresa do segmento de Recrutamento e Sele\u00e7\u00e3o realiza nesta quinta-feira (22) processo seletivo para o preenchimento de 47 vagas tempor\u00e1rias para a fun\u00e7\u00e3o de auxiliar de log\u00edstica em seus centros de distribui\u00e7\u00e3o, a partir das 9h.<\/p>\n\n\n\n<p>As vagas s\u00e3o para ajudante de produ\u00e7\u00e3o, auxiliar de expedi\u00e7\u00e3o, atendente, barista, chefe de bar, auxiliar de limpeza, gar\u00e7om\/gar\u00e7onete, auxiliar de cozinha, sushiman e auxiliar sushiman.<\/p>\n\n\n\n<figure class=\"wp-block-image\"><img decoding=\"async\" src=\"https:\/\/jundiai.sp.gov.br\/noticias\/wp-content\/uploads\/sites\/32\/2022\/04\/processo_seletivo_jundiai_empreendedora-5.jpg\" alt=\"\" class=\"wp-image-289925\" \/><figcaption>Sele\u00e7\u00e3o acontecer\u00e1 no Espa\u00e7o Jundia\u00ed Empreendedora<\/figcaption><\/figure>\n\n\n\n<p>O processo seletivo acontece no Espa\u00e7o Jundia\u00ed Empreendedora no Maxi Shopping (Espa\u00e7o Jundia\u00ed Empreendedora \u2013 Maxi Shopping \u2013 Avenida Frederico Ozanan, 6000 \u2013 Piso G3-Ala Oeste). A sele\u00e7\u00e3o ser\u00e1 das 9h at\u00e9 15h. Os interessados pelas vagas dever\u00e3o cadastrar o curr\u00edculo no Portal Jundia\u00ed Empreendedora pelo<strong>&nbsp;<a href=\"https:\/\/web.jundiai.sp.gov.br\/PMJ\/emprega\/Vaga\">link<\/a><\/strong>&nbsp;e candidatar-se na vaga ofertada. Ap\u00f3s o cadastro, o candidato deve comparecer no local com os documentos pessoais e curr\u00edculo.<\/p>\n\n\n\n<p>A empresa que quiser realizar seu processo seletivo no Espa\u00e7o Jundia\u00ed Empreendedora pode agendar atrav\u00e9s do link ou ligar no 4582-8585.<\/p>\n\n\n\n<p><strong>Servi\u00e7o:<\/strong><\/p>\n\n\n\n<p><strong>Processo seletivo vagas de emprego Ara Group<\/strong><\/p>\n\n\n\n<p><strong>Vagas:&nbsp;<\/strong>47 vagas<\/p>\n\n\n\n<p><strong>Cargo:&nbsp;<\/strong>ajudante de produ\u00e7\u00e3o, auxiliar de expedi\u00e7\u00e3o, atendente, barista, chefe de bar, auxiliar de limpeza, gar\u00e7om \/gar\u00e7onete, auxiliar de cozinha, sushiman e auxiliar sushiman.<\/p>\n\n\n\n<p><strong>Data:<\/strong>\u00a022\/09 \u2013 quinta-feira<br><strong>Hor\u00e1rio:<\/strong>\u00a09h \u00e0s 15h<\/p>\n\n\n\n<p><strong><em>(Fonte\/Imagem: Prefeitura de Jundia\u00ed)<\/em><\/strong><\/p>\n","protected":false},"excerpt":{"rendered":"<p>O processo seletivo acontece nesta quinta-feira (22), a partir das 9h.<\/p>\n","protected":false},"author":27,"featured_media":98615,"comment_status":"closed","ping_status":"0","sticky":false,"template":"","format":"standard","meta":{"footnotes":""},"categories":[5038,8356],"tags":[],"class_list":["post-98612","post","type-post","status-publish","format-standard","has-post-thumbnail","hentry","category-emprego","category-jundiai"],"_links":{"self":[{"href":"https:\/\/tvtecjundiai.com.br\/news\/wp-json\/wp\/v2\/posts\/98612","targetHints":{"allow":["GET"]}}],"collection":[{"href":"https:\/\/tvtecjundiai.com.br\/news\/wp-json\/wp\/v2\/posts"}],"about":[{"href":"https:\/\/tvtecjundiai.com.br\/news\/wp-json\/wp\/v2\/types\/post"}],"author":[{"embeddable":true,"href":"https:\/\/tvtecjundiai.com.br\/news\/wp-json\/wp\/v2\/users\/27"}],"replies":[{"embeddable":true,"href":"https:\/\/tvtecjundiai.com.br\/news\/wp-json\/wp\/v2\/comments?post=98612"}],"version-history":[{"count":1,"href":"https:\/\/tvtecjundiai.com.br\/news\/wp-json\/wp\/v2\/posts\/98612\/revisions"}],"predecessor-version":[{"id":98616,"href":"https:\/\/tvtecjundiai.com.br\/news\/wp-json\/wp\/v2\/posts\/98612\/revisions\/98616"}],"wp:featuredmedia":[{"embeddable":true,"href":"https:\/\/tvtecjundiai.com.br\/news\/wp-json\/wp\/v2\/media\/98615"}],"wp:attachment":[{"href":"https:\/\/tvtecjundiai.com.br\/news\/wp-json\/wp\/v2\/media?parent=98612"}],"wp:term":[{"taxonomy":"category","embeddable":true,"href":"https:\/\/tvtecjundiai.com.br\/news\/wp-json\/wp\/v2\/categories?post=98612"},{"taxonomy":"post_tag","embeddable":true,"href":"https:\/\/tvtecjundiai.com.br\/news\/wp-json\/wp\/v2\/tags?post=98612"}],"curies":[{"name":"wp","href":"https:\/\/api.w.org\/{rel}","templated":true}]}}