{"id":98678,"date":"2022-09-22T09:21:15","date_gmt":"2022-09-22T12:21:15","guid":{"rendered":"https:\/\/tvtecjundiai.com.br\/news\/?p=98678"},"modified":"2022-09-22T09:21:16","modified_gmt":"2022-09-22T12:21:16","slug":"jundiai-adere-a-metodologia-para-enfrentamento-a-violencia-contra-criancas-e-adolescentes","status":"publish","type":"post","link":"https:\/\/tvtecjundiai.com.br\/news\/2022\/09\/22\/jundiai-adere-a-metodologia-para-enfrentamento-a-violencia-contra-criancas-e-adolescentes\/","title":{"rendered":"Jundia\u00ed adere a metodologia para enfrentamento \u00e0 viol\u00eancia contra crian\u00e7as e adolescentes"},"content":{"rendered":"\n<p>O prefeito Luiz Fernando Machado assinou na \u00faltima semana a portaria de ades\u00e3o do Munic\u00edpio \u00e0 metodologia de implanta\u00e7\u00e3o e desenvolvimento do Centro de Atendimento Integrado da Crian\u00e7a e do Adolescente V\u00edtima ou Testemunha de Viol\u00eancia. O instrumental \u00e9 vinculado ao Minist\u00e9rio da Mulher, da Fam\u00edlia e dos Direitos Humanos, representado na cerim\u00f4nia realizada no gabinete de governo do Pa\u00e7o Municipal pela Diretora de enfrentamento de viola\u00e7\u00f5es aos direitos da crian\u00e7a e do adolescente, a Dr\u00aa Maria Leonina Cunha.<\/p>\n\n\n\n<p>A metodologia inclui um documento com os detalhes das rotinas de atendimento, sistema on-line para execu\u00e7\u00e3o dos servi\u00e7os, capacita\u00e7\u00e3o dos profissionais envolvidos, e pode culminar, oportunamente, na constru\u00e7\u00e3o de um centro integrado para o atendimento, por meio do fornecimento de planta para constru\u00e7\u00e3o e equipagem necess\u00e1ria.<\/p>\n\n\n\n<figure class=\"wp-block-image size-large\"><img loading=\"lazy\" decoding=\"async\" width=\"1200\" height=\"800\" src=\"https:\/\/tvtecjundiai.com.br\/news\/wp-content\/uploads\/sites\/2\/2022\/09\/assinatura_centro_integrado_crianca_adolescente_violencia-192-1200x800.jpg\" alt=\"\" class=\"wp-image-98679\" srcset=\"https:\/\/tvtecjundiai.com.br\/news\/wp-content\/uploads\/sites\/2\/2022\/09\/assinatura_centro_integrado_crianca_adolescente_violencia-192-1200x800.jpg 1200w, https:\/\/tvtecjundiai.com.br\/news\/wp-content\/uploads\/sites\/2\/2022\/09\/assinatura_centro_integrado_crianca_adolescente_violencia-192-300x200.jpg 300w, https:\/\/tvtecjundiai.com.br\/news\/wp-content\/uploads\/sites\/2\/2022\/09\/assinatura_centro_integrado_crianca_adolescente_violencia-192-768x512.jpg 768w, https:\/\/tvtecjundiai.com.br\/news\/wp-content\/uploads\/sites\/2\/2022\/09\/assinatura_centro_integrado_crianca_adolescente_violencia-192.jpg 1280w\" sizes=\"auto, (max-width: 1200px) 100vw, 1200px\" \/><figcaption>Prefeito e gestores receberam a diretora nacional no gabinete de governo do Pa\u00e7o Municipal<\/figcaption><\/figure>\n\n\n\n<p>\u201cJundia\u00ed, Cidade das Crian\u00e7as, adere agora a mais esta iniciativa para o enfrentamento da viol\u00eancia contra crian\u00e7as e adolescentes. Esta metodologia ir\u00e1 se somar a outros servi\u00e7os e equipamentos p\u00fablicos j\u00e1 existentes, como a escuta especializada da v\u00edtima, consolidado de modo intersetorial. Os pr\u00f3ximos passos ser\u00e3o a apropria\u00e7\u00e3o desse instrumental pela equipe e como podemos aprimorar os atendimentos, sempre preocupado com a urg\u00eancia da v\u00edtima\u201d, comentou o Prefeito Luiz Fernando.<\/p>\n\n\n\n<p>Maria Leonina apresentou as iniciativas que fazem parte da metodologia. \u201cJundia\u00ed \u00e9 um Munic\u00edpio diferenciado, mas este zelo com a prote\u00e7\u00e3o das crian\u00e7as e adolescentes, infelizmente, n\u00e3o \u00e9 a realidade da maior parte do Pa\u00eds. Por isso, foi criada a metodologia, a fim de disciplinar o sistema de garantia de direitos. Integrar os servi\u00e7os \u00e9 essencial para permitir que estes orbitem em torno da v\u00edtima, e n\u00e3o o contr\u00e1rio, j\u00e1 que isso s\u00f3 faz com que ela se revitimize, cada vez que precisa repetir seu depoimento\u201d.<\/p>\n\n\n\n<p>A metodologia ser\u00e1 implementada por meio de Comit\u00ea Gestor, composto, entre outros, por gestores e representantes das Unidades de Gest\u00e3o envolvidas da Casa Civil (UGCC), de Educa\u00e7\u00e3o (UGE), de Promo\u00e7\u00e3o da Sa\u00fade (UGPS) e de Assist\u00eancia e Desenvolvimento Social (UGADS).<\/p>\n\n\n\n<figure class=\"wp-block-image size-large\"><img loading=\"lazy\" decoding=\"async\" width=\"1200\" height=\"800\" src=\"https:\/\/tvtecjundiai.com.br\/news\/wp-content\/uploads\/sites\/2\/2022\/09\/assinatura_centro_integrado_crianca_adolescente_violencia-204-1200x800.jpg\" alt=\"\" class=\"wp-image-98680\" srcset=\"https:\/\/tvtecjundiai.com.br\/news\/wp-content\/uploads\/sites\/2\/2022\/09\/assinatura_centro_integrado_crianca_adolescente_violencia-204-1200x800.jpg 1200w, https:\/\/tvtecjundiai.com.br\/news\/wp-content\/uploads\/sites\/2\/2022\/09\/assinatura_centro_integrado_crianca_adolescente_violencia-204-300x200.jpg 300w, https:\/\/tvtecjundiai.com.br\/news\/wp-content\/uploads\/sites\/2\/2022\/09\/assinatura_centro_integrado_crianca_adolescente_violencia-204-768x512.jpg 768w, https:\/\/tvtecjundiai.com.br\/news\/wp-content\/uploads\/sites\/2\/2022\/09\/assinatura_centro_integrado_crianca_adolescente_violencia-204.jpg 1280w\" sizes=\"auto, (max-width: 1200px) 100vw, 1200px\" \/><figcaption>Assinatura foi realizada na \u00faltima quarta-feira (14)<\/figcaption><\/figure>\n\n\n\n<p>\u201cJundia\u00ed \u00e9 uma cidade pr\u00f3spera e com bons servi\u00e7os p\u00fablicos colocados \u00e0 disposi\u00e7\u00e3o, e isso, mais uma vez foi demonstrado por meio desta ades\u00e3o. Ela confirma como acertada a escolha do Munic\u00edpio em criar no Hospital Universit\u00e1rio (HU), nosso hospital de refer\u00eancia, o atendimento de escuta especializada, evitando a sua revitimiza\u00e7\u00e3o. A proposta agora \u00e9 ampliar o servi\u00e7o\u201d, comentou o gestor da UGCC, Gustavo Maryssael de Campos.<\/p>\n\n\n\n<p>A gestora da UGE, Vasti Ferrari Marques, tamb\u00e9m compartilhou o trabalho preventivo e de den\u00fancia realizado na rede municipal, junto aos alunos, aos educadores e tamb\u00e9m \u00e0 comunidade, para o enfrentamento \u00e0 viol\u00eancia, como apresenta\u00e7\u00e3o de pe\u00e7as teatrais tem\u00e1ticas e o conte\u00fado \u201cCria na Paz\u201d, desenvolvido em parceria com a Allma Hub, parceria da Prefeitura para os temas da Primeira Inf\u00e2ncia. Vasti sugeriu tamb\u00e9m incluir nos Chrome Books utilizados pela rede um aplicativo desenvolvido pelo Minist\u00e9rio com orienta\u00e7\u00f5es l\u00fadicas e canais de den\u00fancia.<\/p>\n\n\n\n<p>O gestor da UGPS, Tiago Texera, tamb\u00e9m falou das dificuldades na obten\u00e7\u00e3o de refer\u00eancias no Pa\u00eds para a implementa\u00e7\u00e3o da escuta, por conta do pioneirismo de Jundia\u00ed, e apresentou a amplia\u00e7\u00e3o do servi\u00e7o j\u00e1 instalado no HU tamb\u00e9m para o enfrentamento \u00e0 viol\u00eancia contra a mulher, idosos e homens.<\/p>\n\n\n\n<p>Tamb\u00e9m participaram da assinatura os representantes das Assessorias de Pol\u00edticas P\u00fablicas vinculadas \u00e0 UGCC: de Direitos Humanos, Paulo Fernando de Almeida; para Diversidade Sexual, Kelly Galbieri; e para a Juventude, Let\u00edcia Branco; a gestora-adjunta da UGADS, Franciellem Germano; a vice-presidente do Conselho Municipal de Direitos da Crian\u00e7a e do Adolescente (CMDCA), Andreza Tigre; e conselheiros tutelares municipais.<\/p>\n\n\n\n<p>Al\u00e9m do Pa\u00e7o Municipal, o Assessor Paulo Fernando de Almeida, respons\u00e1vel pelo v\u00ednculo estabelecido entre o Minist\u00e9rio e o munic\u00edpio de Jundia\u00ed, acompanhou a diretora Maria Leonina na visita \u00e0s instala\u00e7\u00f5es do\u00a0<a rel=\"noreferrer noopener\" href=\"https:\/\/mundodascriancasjundiai.com.br\/\" target=\"_blank\">Mundo das Crian\u00e7as<\/a>\u00a0e da\u00a0<a rel=\"noreferrer noopener\" href=\"https:\/\/cultura.jundiai.sp.gov.br\/espacos-culturais\/fabrica-das-infancias-japy\/\" target=\"_blank\">F\u00e1brica das Inf\u00e2ncias Japy<\/a>. Ao final do encontro, a representante do governo federal convidou o Prefeito Luiz Fernando Machado e gestores para apresentar em Bras\u00edlia o sistema j\u00e1 implantado em Jundia\u00ed.<\/p>\n\n\n\n<figure class=\"wp-block-image size-large\"><img loading=\"lazy\" decoding=\"async\" width=\"1200\" height=\"800\" src=\"https:\/\/tvtecjundiai.com.br\/news\/wp-content\/uploads\/sites\/2\/2022\/09\/assinatura_centro_integrado_crianca_adolescente_violencia-23-1200x800.jpg\" alt=\"\" class=\"wp-image-98681\" srcset=\"https:\/\/tvtecjundiai.com.br\/news\/wp-content\/uploads\/sites\/2\/2022\/09\/assinatura_centro_integrado_crianca_adolescente_violencia-23-1200x800.jpg 1200w, https:\/\/tvtecjundiai.com.br\/news\/wp-content\/uploads\/sites\/2\/2022\/09\/assinatura_centro_integrado_crianca_adolescente_violencia-23-300x200.jpg 300w, https:\/\/tvtecjundiai.com.br\/news\/wp-content\/uploads\/sites\/2\/2022\/09\/assinatura_centro_integrado_crianca_adolescente_violencia-23-768x512.jpg 768w, https:\/\/tvtecjundiai.com.br\/news\/wp-content\/uploads\/sites\/2\/2022\/09\/assinatura_centro_integrado_crianca_adolescente_violencia-23.jpg 1280w\" sizes=\"auto, (max-width: 1200px) 100vw, 1200px\" \/><figcaption>Segundo Maria Leonina, zelo e prote\u00e7\u00e3o com as crian\u00e7as e adolescentes torna Jundia\u00ed um Munic\u00edpio diferenciado<\/figcaption><\/figure>\n\n\n\n<p><em><strong>(Fonte\/Imagens: Prefeitura de Jundia\u00ed)<\/strong><\/em><\/p>\n","protected":false},"excerpt":{"rendered":"<p>A metodologia pode culminar, oportunamente, na constru\u00e7\u00e3o de um centro integrado para atendimento<\/p>\n","protected":false},"author":30,"featured_media":98679,"comment_status":"closed","ping_status":"0","sticky":false,"template":"","format":"standard","meta":{"footnotes":""},"categories":[8357,8356,1],"tags":[],"class_list":["post-98678","post","type-post","status-publish","format-standard","has-post-thumbnail","hentry","category-gestao","category-jundiai","category-noticias"],"_links":{"self":[{"href":"https:\/\/tvtecjundiai.com.br\/news\/wp-json\/wp\/v2\/posts\/98678","targetHints":{"allow":["GET"]}}],"collection":[{"href":"https:\/\/tvtecjundiai.com.br\/news\/wp-json\/wp\/v2\/posts"}],"about":[{"href":"https:\/\/tvtecjundiai.com.br\/news\/wp-json\/wp\/v2\/types\/post"}],"author":[{"embeddable":true,"href":"https:\/\/tvtecjundiai.com.br\/news\/wp-json\/wp\/v2\/users\/30"}],"replies":[{"embeddable":true,"href":"https:\/\/tvtecjundiai.com.br\/news\/wp-json\/wp\/v2\/comments?post=98678"}],"version-history":[{"count":1,"href":"https:\/\/tvtecjundiai.com.br\/news\/wp-json\/wp\/v2\/posts\/98678\/revisions"}],"predecessor-version":[{"id":98685,"href":"https:\/\/tvtecjundiai.com.br\/news\/wp-json\/wp\/v2\/posts\/98678\/revisions\/98685"}],"wp:featuredmedia":[{"embeddable":true,"href":"https:\/\/tvtecjundiai.com.br\/news\/wp-json\/wp\/v2\/media\/98679"}],"wp:attachment":[{"href":"https:\/\/tvtecjundiai.com.br\/news\/wp-json\/wp\/v2\/media?parent=98678"}],"wp:term":[{"taxonomy":"category","embeddable":true,"href":"https:\/\/tvtecjundiai.com.br\/news\/wp-json\/wp\/v2\/categories?post=98678"},{"taxonomy":"post_tag","embeddable":true,"href":"https:\/\/tvtecjundiai.com.br\/news\/wp-json\/wp\/v2\/tags?post=98678"}],"curies":[{"name":"wp","href":"https:\/\/api.w.org\/{rel}","templated":true}]}}