{"id":98696,"date":"2022-09-22T10:08:18","date_gmt":"2022-09-22T13:08:18","guid":{"rendered":"https:\/\/tvtecjundiai.com.br\/news\/?p=98696"},"modified":"2022-09-22T10:08:22","modified_gmt":"2022-09-22T13:08:22","slug":"dia-da-arvore-evento-gratuito-destaca-importancia-da-educacao-ambiental-na-preservacao-dos-recursos-naturais","status":"publish","type":"post","link":"https:\/\/tvtecjundiai.com.br\/news\/2022\/09\/22\/dia-da-arvore-evento-gratuito-destaca-importancia-da-educacao-ambiental-na-preservacao-dos-recursos-naturais\/","title":{"rendered":"Dia da \u00c1rvore: evento gratuito destaca import\u00e2ncia da Educa\u00e7\u00e3o Ambiental na preserva\u00e7\u00e3o dos recursos naturais"},"content":{"rendered":"\n<p>Para fortalecer as pautas em torno do Dia da \u00c1rvore (21), data institu\u00edda com o objetivo principal de conscientizar sobre a import\u00e2ncia deste recurso natural, o Projeto Olhos da Serra vai reunir professores de educa\u00e7\u00e3o b\u00e1sica, professores e estudantes de pedagogia, al\u00e9m de docentes e alunos de \u00e1reas ambientais, para debater e fomentar a\u00e7\u00f5es que envolvam a Educa\u00e7\u00e3o Ambiental e a preserva\u00e7\u00e3o das \u00e1rvores. Com entrada gratuita mediante inscri\u00e7\u00e3o pr\u00e9via, o evento acontecer\u00e1 no s\u00e1bado, dia 24 de setembro, \u00e0s 8h, na Funda\u00e7\u00e3o Antonio-Antonieta Cintra Gordinho, em Jundia\u00ed.<\/p>\n\n\n\n<p>A a\u00e7\u00e3o ter\u00e1 in\u00edcio com a apresenta\u00e7\u00e3o do vi\u00e9s da Educa\u00e7\u00e3o Ambiental pelo Projeto Olhos da Serra, seguida de uma palestra do Professor Ivan Vanderley Silva sobre a import\u00e2ncia da preserva\u00e7\u00e3o dos recursos naturais e sobre os seus valores. J\u00e1 o presidente do Conselho Deliberativo e Fiscal da ONU, Fl\u00e1vio Gramolelli Junior, vai compartilhar com os presentes informa\u00e7\u00f5es sobre os materiais e as a\u00e7\u00f5es da ONG COATI (Centro de Orienta\u00e7\u00e3o Ambiental Terra Integrada) e sobre o hist\u00f3rico da Serra do Japi. Finalizando a programa\u00e7\u00e3o, a superintendente da Funda\u00e7\u00e3o Serra do Japi, V\u00e2nia Plaza Nunes, abordar\u00e1 as novas demandas e a\u00e7\u00f5es para a Serra.<\/p>\n\n\n\n<figure class=\"wp-block-image size-large\"><img loading=\"lazy\" decoding=\"async\" width=\"1200\" height=\"800\" src=\"https:\/\/tvtecjundiai.com.br\/news\/wp-content\/uploads\/sites\/2\/2022\/09\/jundiai_japi-1280x853-1-1200x800.jpg\" alt=\"\" class=\"wp-image-98697\" srcset=\"https:\/\/tvtecjundiai.com.br\/news\/wp-content\/uploads\/sites\/2\/2022\/09\/jundiai_japi-1280x853-1-1200x800.jpg 1200w, https:\/\/tvtecjundiai.com.br\/news\/wp-content\/uploads\/sites\/2\/2022\/09\/jundiai_japi-1280x853-1-300x200.jpg 300w, https:\/\/tvtecjundiai.com.br\/news\/wp-content\/uploads\/sites\/2\/2022\/09\/jundiai_japi-1280x853-1-768x512.jpg 768w, https:\/\/tvtecjundiai.com.br\/news\/wp-content\/uploads\/sites\/2\/2022\/09\/jundiai_japi-1280x853-1.jpg 1280w\" sizes=\"auto, (max-width: 1200px) 100vw, 1200px\" \/><\/figure>\n\n\n\n<p>Raquel Melilo, gerente t\u00e9cnica do Projeto Olhos da Serra, destaca que \u00e9 fundamental falar da biodiversidade da Serra do Japi desde a educa\u00e7\u00e3o b\u00e1sica. \u201cVamos chamar estes educadores para conversar sobre como levar o tema adiante, para os alunos, sejam eles crian\u00e7as ou jovens. \u00c9 essencial esta dissemina\u00e7\u00e3o de informa\u00e7\u00f5es aconte\u00e7a para que possamos formar novos defensores do meio ambiente\u201d, conclui. O evento tem entrada gratuita, mas \u00e9 necess\u00e1rio\u00a0realizar a inscri\u00e7\u00e3o pr\u00e9via por meio do link: <a href=\"https:\/\/bit.ly\/3diQ98g\">https:\/\/bit.ly\/3diQ98g<\/a>. As vagas s\u00e3o limitadas.<\/p>\n\n\n\n<p><strong>Programa\u00e7\u00e3o<\/strong><\/p>\n\n\n\n<ul class=\"wp-block-list\"><li><strong>8h:<\/strong> recep\u00e7\u00e3o com caf\u00e9<\/li><li><strong>8h30:<\/strong> Abertura e Apresenta\u00e7\u00e3o do vi\u00e9s da Educa\u00e7\u00e3o Ambiental do Projeto Olhos da Serra (Silvia\/Raquel).<\/li><li><strong>9h: <\/strong>Palestra do Professor Ivan Vanderley Silva sobre a import\u00e2ncia da preserva\u00e7\u00e3o dos recursos naturais e sobre os valores dos recursos.<\/li><li><strong>9h30: <\/strong>Palestra de Fl\u00e1vio Gramolelli Junior sobre os materiais e a\u00e7\u00f5es do COATI e sobre o hist\u00f3rico da Serra do Japi.<\/li><li><strong>10h: <\/strong>Palestra de V\u00e2nia Plaza Nunes sobre os materiais da Funda\u00e7\u00e3o e sobre novas demandas e a\u00e7\u00f5es para a Serra do Japi.<\/li><li><strong>10h30:<\/strong> Pausa para o caf\u00e9<\/li><li><strong>10h45: <\/strong>Oficinas<\/li><li><strong>12h30:<\/strong> Encerramento<\/li><\/ul>\n\n\n\n<p><strong><em>(Fonte\/Imagem: Projeto Olhos da Serra)<\/em><\/strong><\/p>\n","protected":false},"excerpt":{"rendered":"<p>Evento acontece no dia 24 de setembro, com entrada gratuita mediante inscri\u00e7\u00e3o pr\u00e9via<\/p>\n","protected":false},"author":30,"featured_media":98697,"comment_status":"closed","ping_status":"0","sticky":false,"template":"","format":"standard","meta":{"footnotes":""},"categories":[8356,3569,1],"tags":[],"class_list":["post-98696","post","type-post","status-publish","format-standard","has-post-thumbnail","hentry","category-jundiai","category-meio-ambiente","category-noticias"],"_links":{"self":[{"href":"https:\/\/tvtecjundiai.com.br\/news\/wp-json\/wp\/v2\/posts\/98696","targetHints":{"allow":["GET"]}}],"collection":[{"href":"https:\/\/tvtecjundiai.com.br\/news\/wp-json\/wp\/v2\/posts"}],"about":[{"href":"https:\/\/tvtecjundiai.com.br\/news\/wp-json\/wp\/v2\/types\/post"}],"author":[{"embeddable":true,"href":"https:\/\/tvtecjundiai.com.br\/news\/wp-json\/wp\/v2\/users\/30"}],"replies":[{"embeddable":true,"href":"https:\/\/tvtecjundiai.com.br\/news\/wp-json\/wp\/v2\/comments?post=98696"}],"version-history":[{"count":1,"href":"https:\/\/tvtecjundiai.com.br\/news\/wp-json\/wp\/v2\/posts\/98696\/revisions"}],"predecessor-version":[{"id":98698,"href":"https:\/\/tvtecjundiai.com.br\/news\/wp-json\/wp\/v2\/posts\/98696\/revisions\/98698"}],"wp:featuredmedia":[{"embeddable":true,"href":"https:\/\/tvtecjundiai.com.br\/news\/wp-json\/wp\/v2\/media\/98697"}],"wp:attachment":[{"href":"https:\/\/tvtecjundiai.com.br\/news\/wp-json\/wp\/v2\/media?parent=98696"}],"wp:term":[{"taxonomy":"category","embeddable":true,"href":"https:\/\/tvtecjundiai.com.br\/news\/wp-json\/wp\/v2\/categories?post=98696"},{"taxonomy":"post_tag","embeddable":true,"href":"https:\/\/tvtecjundiai.com.br\/news\/wp-json\/wp\/v2\/tags?post=98696"}],"curies":[{"name":"wp","href":"https:\/\/api.w.org\/{rel}","templated":true}]}}