{"id":98709,"date":"2022-09-22T11:35:35","date_gmt":"2022-09-22T14:35:35","guid":{"rendered":"https:\/\/tvtecjundiai.com.br\/news\/?p=98709"},"modified":"2022-09-22T11:35:52","modified_gmt":"2022-09-22T14:35:52","slug":"senac-jundiai-visita-o-paco-para-roda-de-conversa-sobre-economia-criativa","status":"publish","type":"post","link":"https:\/\/tvtecjundiai.com.br\/news\/2022\/09\/22\/senac-jundiai-visita-o-paco-para-roda-de-conversa-sobre-economia-criativa\/","title":{"rendered":"Senac-Jundia\u00ed visita o Pa\u00e7o para roda de conversa sobre Economia Criativa"},"content":{"rendered":"\n<p>Com o objetivo de se aprofundar na hist\u00f3ria de Jundia\u00ed para fomentar pr\u00e1ticas de Economia Criativa alinhadas ao contexto da cidade, e pensando a\u00e7\u00f5es relacionadas \u00e0s diversas \u00e1reas de atua\u00e7\u00e3o da unidade escolar do Senac-Jundia\u00ed, professores, alunos e membros da dire\u00e7\u00e3o da unidade, assim como representantes do Sebrae, participaram de diversas atividades em Jundia\u00ed, ao longo da ter\u00e7a-feira (20). O encontro foi encerrado no Pa\u00e7o Municipal, com troca experi\u00eancias e conversas sobre a\u00e7\u00f5es para desenvolvimento em conjunto.<\/p>\n\n\n\n<p>A atividade contou com uma palestra e visita hist\u00f3rica ao Centro de Jundia\u00ed com a equipe do Museu Solar do Bar\u00e3o. O fechamento da incurs\u00e3o no cen\u00e1rio jundiaiense foi realizado no Pa\u00e7o Municipal, onde foi servido um caf\u00e9 com produtos t\u00edpicos de Jundia\u00ed.<br>O diretor do Senac Jundia\u00ed, Mauro Costa, esteve presente, e a recep\u00e7\u00e3o no Pa\u00e7o foi realizada pelo gestor da Unidade de Gest\u00e3o de Governo e Finan\u00e7as (UGGF), Jos\u00e9 Antonio Parimoschi, acompanhado pelo gestor da Unidade de Gest\u00e3o de Desenvolvimento Econ\u00f4mico, Ci\u00eancia e Tecnologia (UGEDCT), Cristiano Lopes. \u201cTemos muito intresse nessa parceria com o Senac pata desenvolver um plano de economia criativa para ampliar as oportunidades para os mun\u00edcipes e esimular o empreendedorismo criativo\u201d, afirma o gestor Parimoschi.<\/p>\n\n\n\n<p>\u201cNossa miss\u00e3o, como poder p\u00fablico, \u00e9 estimular o conhecimento e aproximar as pessoas das institui\u00e7\u00f5es de ensino. Tanto na economia criativa como nos pequenos neg\u00f3cios, nosso papel \u00e9 desburocratizar os processos para sempre dar incentivo a novos projetos\u201d, aponta Cristiano Lopes.<\/p>\n\n\n\n<figure class=\"wp-block-image\"><img decoding=\"async\" src=\"https:\/\/jundiai.sp.gov.br\/noticias\/wp-content\/uploads\/sites\/32\/2022\/09\/reuniao-entre-jose-antonio-parimoschi-com-estudantes-do-senac-vivenciando-jundiai_fm_-12.jpg\" alt=\"Parimoschi e Cristiano Lopes discutem economia criativa com representantes do Senac e Sebrae\" class=\"wp-image-301881\" \/><figcaption>Parimoschi e Cristiano Lopes discutem economia criativa com representantes do Senac e Sebrae<\/figcaption><\/figure>\n\n\n\n<p>\u201cSenac, Sebrae e Prefeitura de Jundia\u00ed est\u00e3o sempre de m\u00e3os dadas para fomentar a economia criativa e fazer com que novas ideias sejam incentivadas, saiam do papel e tenham sucesso\u201d, comenta Mauro Costa, diretor do Senac-Jundia\u00ed. Entre as iniciativas apresentadas pelo Senac estava o Projeto \u201cDa gosto ser do Ribeira\u201d, explicado pelo gerente da unidade do Vale do Ribeira, Leonardo Raupp Matta.<\/p>\n\n\n\n<p>\u201cO Sebrae tamb\u00e9m quer estar mais pr\u00f3ximo das escolas, sempre pensando em integrar a\u00e7\u00f5es pr\u00f3prias e de parceiros em prol da gera\u00e7\u00e3o de oportunidades e da capacita\u00e7\u00e3o de micro empres\u00e1rios e potenciais micro empres\u00e1rios\u201d, afirma a analista de neg\u00f3cios do Sebrae, Eloisa Couto Xavier. <br><\/p>\n\n\n\n<p><strong><em>(Fonte\/Imagem: Prefeitura de Jundia\u00ed)<\/em><\/strong><\/p>\n","protected":false},"excerpt":{"rendered":"<p>A atividade contou com uma palestra e visita hist\u00f3rica ao Centro de Jundia\u00ed com a equipe do Museu Solar do Bar\u00e3o.<\/p>\n","protected":false},"author":27,"featured_media":98712,"comment_status":"closed","ping_status":"0","sticky":false,"template":"","format":"standard","meta":{"footnotes":""},"categories":[8356],"tags":[],"class_list":["post-98709","post","type-post","status-publish","format-standard","has-post-thumbnail","hentry","category-jundiai"],"_links":{"self":[{"href":"https:\/\/tvtecjundiai.com.br\/news\/wp-json\/wp\/v2\/posts\/98709","targetHints":{"allow":["GET"]}}],"collection":[{"href":"https:\/\/tvtecjundiai.com.br\/news\/wp-json\/wp\/v2\/posts"}],"about":[{"href":"https:\/\/tvtecjundiai.com.br\/news\/wp-json\/wp\/v2\/types\/post"}],"author":[{"embeddable":true,"href":"https:\/\/tvtecjundiai.com.br\/news\/wp-json\/wp\/v2\/users\/27"}],"replies":[{"embeddable":true,"href":"https:\/\/tvtecjundiai.com.br\/news\/wp-json\/wp\/v2\/comments?post=98709"}],"version-history":[{"count":1,"href":"https:\/\/tvtecjundiai.com.br\/news\/wp-json\/wp\/v2\/posts\/98709\/revisions"}],"predecessor-version":[{"id":98713,"href":"https:\/\/tvtecjundiai.com.br\/news\/wp-json\/wp\/v2\/posts\/98709\/revisions\/98713"}],"wp:featuredmedia":[{"embeddable":true,"href":"https:\/\/tvtecjundiai.com.br\/news\/wp-json\/wp\/v2\/media\/98712"}],"wp:attachment":[{"href":"https:\/\/tvtecjundiai.com.br\/news\/wp-json\/wp\/v2\/media?parent=98709"}],"wp:term":[{"taxonomy":"category","embeddable":true,"href":"https:\/\/tvtecjundiai.com.br\/news\/wp-json\/wp\/v2\/categories?post=98709"},{"taxonomy":"post_tag","embeddable":true,"href":"https:\/\/tvtecjundiai.com.br\/news\/wp-json\/wp\/v2\/tags?post=98709"}],"curies":[{"name":"wp","href":"https:\/\/api.w.org\/{rel}","templated":true}]}}