{"id":98714,"date":"2022-09-22T13:30:26","date_gmt":"2022-09-22T16:30:26","guid":{"rendered":"https:\/\/tvtecjundiai.com.br\/news\/?p=98714"},"modified":"2022-09-22T13:30:32","modified_gmt":"2022-09-22T16:30:32","slug":"acoes-de-plantio-de-arvore-continuam-ate-dia-1-de-outubro","status":"publish","type":"post","link":"https:\/\/tvtecjundiai.com.br\/news\/2022\/09\/22\/acoes-de-plantio-de-arvore-continuam-ate-dia-1-de-outubro\/","title":{"rendered":"A\u00e7\u00f5es de plantio de \u00e1rvore continuam at\u00e9 dia 1 de outubro"},"content":{"rendered":"\n<p>Iniciativas para a celebra\u00e7\u00e3o ao Dia da \u00c1rvore, comemorado na quarta-feira (21), seguem ao longo dos pr\u00f3ximos dias, com plantios de mais de 300 mudas em diversos pontos da cidade e com parcerias com a iniciativa privada. Al\u00e9m da recomposi\u00e7\u00e3o de plantas, as mudas ser\u00e3o destinadas a avenidas, ruas, hortas urbanas e \u00e1reas p\u00fablicas em regi\u00e3o urbanizada.<\/p>\n\n\n\n<p>No \u00faltimo dia\u00a015, em uma a\u00e7\u00e3o de responsabilidade social, a empresa Sulzer, localizada no Jardim Tulipas, adquiriu 10 mudas de \u00e1rvores para a recomposi\u00e7\u00e3o do canteiro da\u00a0Avenida\u00a0Eng. Jo\u00e3o Fernandes Gimenes Molina, Distrito Industrial,\u00a0em frente \u00e0 entrada da empresa multinacional. A a\u00e7\u00e3o, em parceria com as Unidades de\u00a0Planejamento Urbano e Meio Ambiente\u00a0(UGPUMA)\u00a0e\u00a0Gest\u00e3o de Infraestrutura e Servi\u00e7os P\u00fablicos\u00a0(UGISP),\u00a0faz parte do programa P\u00e9 de \u00c1rvore,\u00a0que teve in\u00edcio a partir de pedidos das crian\u00e7as\u00a0para aumentar o n\u00famero de \u00e1rvores da cidade, tanto nos encontros do Comit\u00ea das Crian\u00e7as de Jundia\u00ed, quanto no processo de escuta para a elabora\u00e7\u00e3o do\u00a0<a rel=\"noreferrer noopener\" href=\"https:\/\/jundiai.sp.gov.br\/planejamento-e-meio-ambiente\/wp-content\/uploads\/sites\/15\/2022\/01\/planonovohorizonte-etapa1-1.pdf\" target=\"_blank\">Plano de Bairro Novo Horizonte<\/a>\u00a0e regi\u00e3o.<\/p>\n\n\n\n<figure class=\"wp-block-image size-large\"><img loading=\"lazy\" decoding=\"async\" width=\"1200\" height=\"801\" src=\"https:\/\/tvtecjundiai.com.br\/news\/wp-content\/uploads\/sites\/2\/2022\/09\/emeb-ana-pontes_plantio-de-arvore_m_-87-1200x801.jpg\" alt=\"\" class=\"wp-image-98715\" srcset=\"https:\/\/tvtecjundiai.com.br\/news\/wp-content\/uploads\/sites\/2\/2022\/09\/emeb-ana-pontes_plantio-de-arvore_m_-87-1200x801.jpg 1200w, https:\/\/tvtecjundiai.com.br\/news\/wp-content\/uploads\/sites\/2\/2022\/09\/emeb-ana-pontes_plantio-de-arvore_m_-87-300x200.jpg 300w, https:\/\/tvtecjundiai.com.br\/news\/wp-content\/uploads\/sites\/2\/2022\/09\/emeb-ana-pontes_plantio-de-arvore_m_-87-768x512.jpg 768w, https:\/\/tvtecjundiai.com.br\/news\/wp-content\/uploads\/sites\/2\/2022\/09\/emeb-ana-pontes_plantio-de-arvore_m_-87.jpg 1280w\" sizes=\"auto, (max-width: 1200px) 100vw, 1200px\" \/><figcaption>Crian\u00e7as da EMEB Anna Pontes realizaram plantio de \u00e1rvores<\/figcaption><\/figure>\n\n\n\n<p>As crian\u00e7as da EMEB Anna Pontes&nbsp;Chagas,&nbsp;no bairro Alvorada, plantaram 100 mudas na \u00e1rea p\u00fablica em frente \u00e0 escola.&nbsp;O&nbsp;vereador Daniel Lemos tamb\u00e9m plantou 6 mudas com as crian\u00e7as nas escolas da regi\u00e3o e na&nbsp;horta em implanta\u00e7\u00e3o no Jardim Guanabara. \u201cNa escola, n\u00f3s j\u00e1 realizamos um trabalho de acompanhamento e crescimento das plantas, com o projeto Inova na Horta. Esse momento de plantio \u00e9 muito importante para as crian\u00e7as saberem um pouco sobre o desenvolvimento e a import\u00e2ncia da \u00e1rvore para o meio ambiente. Estamos muito contentes de poder participar\u201d, comenta a coordenadora, Tais Vieira.<\/p>\n\n\n\n<p>\u201cAl\u00e9m das a\u00e7\u00f5es que j\u00e1 foram realizadas nestas \u00faltimas semanas, entre os dias 30 de setembro e 1\u00b0 de outubro ser\u00e3o plantadas mais 150 mudas de esp\u00e9cies nativas numa parceria com a DHL na regi\u00e3o do Novo Horizonte.&nbsp;O Programa P\u00e9 de \u00c1rvore favorece este tipo de a\u00e7\u00e3o coletiva, convidando crian\u00e7as, adultos, moradores e trabalhadores dos bairros a contribu\u00edrem com o plantio e a manuten\u00e7\u00e3o das mudas.&nbsp;Dessa forma, todos se sentem parte da solu\u00e7\u00e3o para produzir uma cidade cada vez mais saud\u00e1vel e bonita\u201d,&nbsp;comenta a diretora de Urbanismo da&nbsp;UGPUMA,&nbsp;Sylvia Angelini.<\/p>\n\n\n\n<p><strong>Felicidade<\/strong><\/p>\n\n\n\n<p>As crian\u00e7as que participaram do plantio na regi\u00e3o do Jardim Guanabara ficaram animadas com a a\u00e7\u00e3o, \u201cEstou muito feliz porque plantei uma \u00e1rvore com a minha amiga Lorena. Estamos plantando para ter mais ar aqui na escola\u201d, comenta a aluna do 5\u00b0 ano, Maithe Martho.<\/p>\n\n\n\n<p>Luiz Henrique Pires, de 6 anos, tamb\u00e9m estava entusiasmado com o momento: \u201c\u00c9 muito legal plantar uma \u00e1rvore. Primeiro tiramos o papel, colocamos terra e vitamina, e por \u00faltimo a \u00e1gua. Ela vai crescer e ficar muito bonita\u201d, comenta o pequeno.<\/p>\n\n\n\n<p><strong><em>(Fonte\/Imagem: Prefeitura de Jundia\u00ed)<\/em><\/strong><\/p>\n","protected":false},"excerpt":{"rendered":"<p>As mudas ser\u00e3o destinadas a avenidas, ruas, hortas urbanas e \u00e1reas p\u00fablicas<\/p>\n","protected":false},"author":30,"featured_media":98715,"comment_status":"closed","ping_status":"0","sticky":false,"template":"","format":"standard","meta":{"footnotes":""},"categories":[8356,3569,1],"tags":[],"class_list":["post-98714","post","type-post","status-publish","format-standard","has-post-thumbnail","hentry","category-jundiai","category-meio-ambiente","category-noticias"],"_links":{"self":[{"href":"https:\/\/tvtecjundiai.com.br\/news\/wp-json\/wp\/v2\/posts\/98714","targetHints":{"allow":["GET"]}}],"collection":[{"href":"https:\/\/tvtecjundiai.com.br\/news\/wp-json\/wp\/v2\/posts"}],"about":[{"href":"https:\/\/tvtecjundiai.com.br\/news\/wp-json\/wp\/v2\/types\/post"}],"author":[{"embeddable":true,"href":"https:\/\/tvtecjundiai.com.br\/news\/wp-json\/wp\/v2\/users\/30"}],"replies":[{"embeddable":true,"href":"https:\/\/tvtecjundiai.com.br\/news\/wp-json\/wp\/v2\/comments?post=98714"}],"version-history":[{"count":1,"href":"https:\/\/tvtecjundiai.com.br\/news\/wp-json\/wp\/v2\/posts\/98714\/revisions"}],"predecessor-version":[{"id":98716,"href":"https:\/\/tvtecjundiai.com.br\/news\/wp-json\/wp\/v2\/posts\/98714\/revisions\/98716"}],"wp:featuredmedia":[{"embeddable":true,"href":"https:\/\/tvtecjundiai.com.br\/news\/wp-json\/wp\/v2\/media\/98715"}],"wp:attachment":[{"href":"https:\/\/tvtecjundiai.com.br\/news\/wp-json\/wp\/v2\/media?parent=98714"}],"wp:term":[{"taxonomy":"category","embeddable":true,"href":"https:\/\/tvtecjundiai.com.br\/news\/wp-json\/wp\/v2\/categories?post=98714"},{"taxonomy":"post_tag","embeddable":true,"href":"https:\/\/tvtecjundiai.com.br\/news\/wp-json\/wp\/v2\/tags?post=98714"}],"curies":[{"name":"wp","href":"https:\/\/api.w.org\/{rel}","templated":true}]}}