{"id":98773,"date":"2022-09-23T15:39:44","date_gmt":"2022-09-23T18:39:44","guid":{"rendered":"https:\/\/tvtecjundiai.com.br\/news\/?p=98773"},"modified":"2022-09-23T15:39:48","modified_gmt":"2022-09-23T18:39:48","slug":"visam-reune-tecnicos-da-regiao-em-workshop-sobre-leishmaniose-visceral-canina","status":"publish","type":"post","link":"https:\/\/tvtecjundiai.com.br\/news\/2022\/09\/23\/visam-reune-tecnicos-da-regiao-em-workshop-sobre-leishmaniose-visceral-canina\/","title":{"rendered":"VISAM re\u00fane t\u00e9cnicos da regi\u00e3o em workshop sobre leishmaniose visceral canina"},"content":{"rendered":"\n<p>A Vigil\u00e2ncia em Sa\u00fade Ambiental (VISAM), \u00f3rg\u00e3o da Unidade de Gest\u00e3o de Promo\u00e7\u00e3o da Sa\u00fade (UGPS), promoveu nesta sexta-feira (23) uma reuni\u00e3o t\u00e9cnica sobre leishmaniose visceral canina, na Unidade de Desenvolvimento Ambiental (Unidam). Jundia\u00ed \u00e9 refer\u00eancia por seu trabalho de preven\u00e7\u00e3o, mantendo, at\u00e9 o momento, a estat\u00edstica zerada para casos aut\u00f3ctones.<br><br>A atividade reuniu t\u00e9cnicos dos setores de zoonoses e da vigil\u00e2ncia epidemiol\u00f3gica das cidades da Regi\u00e3o Metropolitana de Jundia\u00ed (RMJ) \u2013 formada por Cabre\u00fava, Campo Limpo Paulista, Itupeva, Louveira, Jarinu e V\u00e1rzea Paulista -, e tamb\u00e9m dos munic\u00edpios de Cajamar e Itatiba.<br><br>\u201c\u00c9 importante conhecermos o cen\u00e1rio da nossa regi\u00e3o e compartilharmos estrat\u00e9gias, nos mantendo sempre alertas\u201d, destaca o coordenador da VISAM, Luis Gustavo Grijota Nascimento.<\/p>\n\n\n\n<figure class=\"wp-block-image\"><img decoding=\"async\" src=\"https:\/\/jundiai.sp.gov.br\/noticias\/wp-content\/uploads\/sites\/32\/2022\/09\/reuniao_leishmaniose_m_-18-1.jpg\" alt=\"\" class=\"wp-image-302083\" \/><figcaption>Estrat\u00e9gias para o controle da doen\u00e7a foram compartilhadas<\/figcaption><\/figure>\n\n\n\n<p>O evento tamb\u00e9m contou com palestras realizadas pelo pesquisador cient\u00edfico do Instituto Adolfo Lutz, Roberto Hiramoto, que trouxe um panorama do Estado, e pela m\u00e9dica veterin\u00e1ria da Unidade de Controle de Zoonoses de Valinhos, Anabel Jacqueline Martins da Silva, que abordou a experi\u00eancia da cidade no controle dos casos aut\u00f3ctones.<\/p>\n\n\n\n<p><strong>Refer\u00eancia<\/strong><br>Jundia\u00ed \u00e9 reconhecida no Estado por ter criado um formato pr\u00f3prio de baixo custo para as chamadas \u201carmadilhas luminosas\u201d, usadas dentro do inqu\u00e9rito entomol\u00f3gico, levantamento realizado para avaliar a presen\u00e7a do flebotom\u00edneo (ou mosquito-palha), vetor da doen\u00e7a.<br><br>A cidade tamb\u00e9m \u00e9 refer\u00eancia regional para o teste r\u00e1pido em caninos, feito por meio do sangue coletado de animais com sinais suspeitos e enviado por cl\u00ednicas particulares e pelas unidades de vigil\u00e2ncia de zoonoses dos munic\u00edpios vizinhos.<\/p>\n\n\n\n<p><strong><em>(Fonte\/imagem: Prefeitura de Jundia\u00ed)<\/em><\/strong><\/p>\n","protected":false},"excerpt":{"rendered":"<p>Jundia\u00ed \u00e9 refer\u00eancia por seu trabalho de preven\u00e7\u00e3o.<\/p>\n","protected":false},"author":27,"featured_media":98774,"comment_status":"closed","ping_status":"0","sticky":false,"template":"","format":"standard","meta":{"footnotes":""},"categories":[8356],"tags":[],"class_list":["post-98773","post","type-post","status-publish","format-standard","has-post-thumbnail","hentry","category-jundiai"],"_links":{"self":[{"href":"https:\/\/tvtecjundiai.com.br\/news\/wp-json\/wp\/v2\/posts\/98773","targetHints":{"allow":["GET"]}}],"collection":[{"href":"https:\/\/tvtecjundiai.com.br\/news\/wp-json\/wp\/v2\/posts"}],"about":[{"href":"https:\/\/tvtecjundiai.com.br\/news\/wp-json\/wp\/v2\/types\/post"}],"author":[{"embeddable":true,"href":"https:\/\/tvtecjundiai.com.br\/news\/wp-json\/wp\/v2\/users\/27"}],"replies":[{"embeddable":true,"href":"https:\/\/tvtecjundiai.com.br\/news\/wp-json\/wp\/v2\/comments?post=98773"}],"version-history":[{"count":1,"href":"https:\/\/tvtecjundiai.com.br\/news\/wp-json\/wp\/v2\/posts\/98773\/revisions"}],"predecessor-version":[{"id":98775,"href":"https:\/\/tvtecjundiai.com.br\/news\/wp-json\/wp\/v2\/posts\/98773\/revisions\/98775"}],"wp:featuredmedia":[{"embeddable":true,"href":"https:\/\/tvtecjundiai.com.br\/news\/wp-json\/wp\/v2\/media\/98774"}],"wp:attachment":[{"href":"https:\/\/tvtecjundiai.com.br\/news\/wp-json\/wp\/v2\/media?parent=98773"}],"wp:term":[{"taxonomy":"category","embeddable":true,"href":"https:\/\/tvtecjundiai.com.br\/news\/wp-json\/wp\/v2\/categories?post=98773"},{"taxonomy":"post_tag","embeddable":true,"href":"https:\/\/tvtecjundiai.com.br\/news\/wp-json\/wp\/v2\/tags?post=98773"}],"curies":[{"name":"wp","href":"https:\/\/api.w.org\/{rel}","templated":true}]}}