{"id":98779,"date":"2022-09-23T15:58:15","date_gmt":"2022-09-23T18:58:15","guid":{"rendered":"https:\/\/tvtecjundiai.com.br\/news\/?p=98779"},"modified":"2022-09-23T15:58:20","modified_gmt":"2022-09-23T18:58:20","slug":"curso-de-assistente-administrativo-oferecido-pelo-funss-tera-turma-descentralizada","status":"publish","type":"post","link":"https:\/\/tvtecjundiai.com.br\/news\/2022\/09\/23\/curso-de-assistente-administrativo-oferecido-pelo-funss-tera-turma-descentralizada\/","title":{"rendered":"Curso de Assistente Administrativo oferecido pelo FUNSS ter\u00e1 turma descentralizada"},"content":{"rendered":"\n<p>Est\u00e1 aberta, por meio da internet, a pr\u00e9-inscri\u00e7\u00e3o para o Curso de Assistente Administrativo, oferecido pelo Fundo Social de Solidariedade de Jundia\u00ed (Funss), em parceria com o Senac Jundia\u00ed. A capacita\u00e7\u00e3o ser\u00e1 descentralizada e realizada na C\u00e1ritas Diocesana, no bairro Almerinda Chaves. Al\u00e9m disso, possui como pr\u00e9-requisitos o Ensino Fundamental completo, a idade m\u00ednima de 16 anos e a renda per capita de dois sal\u00e1rios m\u00ednimos (R$ 2.424), por membro da fam\u00edlia.<\/p>\n\n\n\n<p>Para participar, o interessado dever\u00e1 acessar o formul\u00e1rio do Senac abaixo, j\u00e1 liberado e dispon\u00edvel. Ser\u00e1 necess\u00e1rio inserir os dados pessoais, a escolaridade, a situa\u00e7\u00e3o de trabalho, a situa\u00e7\u00e3o familiar e a renda familiar. No que diz respeito a renda, \u00e9 imprescind\u00edvel informar sobre todos os moradores da casa e sua respectiva renda. Caso algum membro n\u00e3o possua, ser\u00e1 necess\u00e1rio informar o nome completo e mencionar \u2018Renda zero\u2019.<\/p>\n\n\n\n<p><strong>Para saber sua renda per capita:<\/strong><\/p>\n\n\n\n<p>\u2013 Some todos os sal\u00e1rios, considerando todas as pessoas que moram com voc\u00ea;<\/p>\n\n\n\n<p>\u2013 Divida o resultado pelo total de residentes (inclusive beb\u00eas, crian\u00e7as, idosos e pessoas sem renda);<\/p>\n\n\n\n<p>\u2013 Esse resultado deve ser igual ou menor que R$ 2.424,00.<\/p>\n\n\n\n<p><strong>Veja o cronograma de aulas:<\/strong><\/p>\n\n\n\n<p><strong>Curso de Assistente Administrativo<\/strong><\/p>\n\n\n\n<p>N\u00ba de vagas: 20<br>Carga hor\u00e1ria: 160 horas<br>In\u00edcio: 04\/10\/2022<br>T\u00e9rmino: 02\/12\/2022<br>De 2\u00aa, 3\u00aa, 4\u00aa, 5\u00aa e 6\u00aa feira<br>Hor\u00e1rio: 13h \u00e0s 17h<br>Local: C\u00e1ritas Diocesana \u2013 Av. Pastor Francesco Ciaramella, n\u00ba 10, &nbsp;Almerinda Chaves<br>Link para inscri\u00e7\u00e3o:&nbsp;<a href=\"https:\/\/forms.office.com\/Pages\/ResponsePage.aspx?id=BYI45EuVbUqheE_EO6cQAiSKUp6vAABImW1uPgATnv1UQlhKTlNFNEkwOUFVM1FEV080R1cyUUFXQi4u\" target=\"_blank\" rel=\"noreferrer noopener\">Inscri\u00e7\u00e3o \u2013 Curso Assistente Administrativo<\/a><\/p>\n\n\n\n<p>Ap\u00f3s fazer a pr\u00e9-inscri\u00e7\u00e3o, o aluno contemplado com a vaga receber\u00e1 um e-mail para confirmar a matr\u00edcula. O remetente do e-mail \u00e9&nbsp;<a href=\"mailto:Jun.bolsars@sp.senac.br\" target=\"_blank\" rel=\"noreferrer noopener\"><strong>Jun.bolsars@sp.senac.br<\/strong><\/a>. Dados detalhados tamb\u00e9m ser\u00e3o repassados por meio do contato de WhatsApp informado no ato da pr\u00e9-inscri\u00e7\u00e3o. As fichas n\u00e3o contempladas est\u00e3o, automaticamente, na lista de espera e poder\u00e3o ser convocadas em caso de desist\u00eancia.<\/p>\n\n\n\n<p>As aulas ser\u00e3o ministradas no Fundo Social e o endere\u00e7o \u00e9 o Parque da Uva.\u00a0O acesso \u00e9 pela avenida Dona Manoela Lacerda de Vergueiro, s\/n, port\u00e3o 03, bairro Anhangaba\u00fa. O funcionamento da unidade \u00e9 de segunda a sexta-feira, das 8h \u00e0s 17h, exceto feriados. Informa\u00e7\u00f5es: (11) 4589-6319, 4589-6320 e 4589-6322.<\/p>\n\n\n\n<p><strong><em>(Fonte\/Imagem: Prefeitura de Jundia\u00ed)<\/em><\/strong><\/p>\n","protected":false},"excerpt":{"rendered":"<p>A capacita\u00e7\u00e3o ser\u00e1 descentralizada e realizada na C\u00e1ritas Diocesana, no bairro Almerinda Chaves. <\/p>\n","protected":false},"author":27,"featured_media":98780,"comment_status":"closed","ping_status":"0","sticky":false,"template":"","format":"standard","meta":{"footnotes":""},"categories":[8356],"tags":[],"class_list":["post-98779","post","type-post","status-publish","format-standard","has-post-thumbnail","hentry","category-jundiai"],"_links":{"self":[{"href":"https:\/\/tvtecjundiai.com.br\/news\/wp-json\/wp\/v2\/posts\/98779","targetHints":{"allow":["GET"]}}],"collection":[{"href":"https:\/\/tvtecjundiai.com.br\/news\/wp-json\/wp\/v2\/posts"}],"about":[{"href":"https:\/\/tvtecjundiai.com.br\/news\/wp-json\/wp\/v2\/types\/post"}],"author":[{"embeddable":true,"href":"https:\/\/tvtecjundiai.com.br\/news\/wp-json\/wp\/v2\/users\/27"}],"replies":[{"embeddable":true,"href":"https:\/\/tvtecjundiai.com.br\/news\/wp-json\/wp\/v2\/comments?post=98779"}],"version-history":[{"count":1,"href":"https:\/\/tvtecjundiai.com.br\/news\/wp-json\/wp\/v2\/posts\/98779\/revisions"}],"predecessor-version":[{"id":98781,"href":"https:\/\/tvtecjundiai.com.br\/news\/wp-json\/wp\/v2\/posts\/98779\/revisions\/98781"}],"wp:featuredmedia":[{"embeddable":true,"href":"https:\/\/tvtecjundiai.com.br\/news\/wp-json\/wp\/v2\/media\/98780"}],"wp:attachment":[{"href":"https:\/\/tvtecjundiai.com.br\/news\/wp-json\/wp\/v2\/media?parent=98779"}],"wp:term":[{"taxonomy":"category","embeddable":true,"href":"https:\/\/tvtecjundiai.com.br\/news\/wp-json\/wp\/v2\/categories?post=98779"},{"taxonomy":"post_tag","embeddable":true,"href":"https:\/\/tvtecjundiai.com.br\/news\/wp-json\/wp\/v2\/tags?post=98779"}],"curies":[{"name":"wp","href":"https:\/\/api.w.org\/{rel}","templated":true}]}}