{"id":98862,"date":"2022-09-26T10:50:44","date_gmt":"2022-09-26T13:50:44","guid":{"rendered":"https:\/\/tvtecjundiai.com.br\/news\/?p=98862"},"modified":"2022-09-26T10:50:49","modified_gmt":"2022-09-26T13:50:49","slug":"aulas-de-yoga-e-meditacao-serao-oferecidas-ao-publico-60-a-partir-de-outubro","status":"publish","type":"post","link":"https:\/\/tvtecjundiai.com.br\/news\/2022\/09\/26\/aulas-de-yoga-e-meditacao-serao-oferecidas-ao-publico-60-a-partir-de-outubro\/","title":{"rendered":"Aulas de Yoga e Medita\u00e7\u00e3o ser\u00e3o oferecidas ao p\u00fablico +60 a partir de outubro"},"content":{"rendered":"\n<p>A Unidade de Gest\u00e3o de Esporte e Lazer&nbsp;(UGEL),&nbsp;em parceria com a Unidade de Gest\u00e3o da Casa Civil (UGCC \/ Assessoria de Pol\u00edticas P\u00fablicas para o Idoso) e o COMDIPI \u2013 Conselho Municipal dos Direitos da Pessoa Idosa, desenvolveram o Projeto&nbsp;Integra,&nbsp;que visa uma proposta inovadora no munic\u00edpio, de forma gratuita e descentralizada \u00e0 pessoa idosa, voltado para o lazer e bem-estar.&nbsp;Ser\u00e3o abertas turmas para aulas de Yoga e Medita\u00e7\u00e3o, que promovem o est\u00edmulo do corpo f\u00edsico, da mente, das sensa\u00e7\u00f5es e emo\u00e7\u00f5es com foco no equil\u00edbrio f\u00edsico e mental da pessoa idosa.<\/p>\n\n\n\n<p>A partir de outubro, ser\u00e3o oferecidas 100 vagas na modalidade, de forma gratuita e descentralizada\u00a0em 4 diferentes locais, uma vez por semana, para a popula\u00e7\u00e3o acima de 60 anos.\u00a0As inscri\u00e7\u00f5es podem ser feitas de maneira on-line at\u00e9 o dia 5 de outubro, atrav\u00e9s de formul\u00e1rio dispon\u00edvel nos sites\u00a0<a rel=\"noreferrer noopener\" href=\"http:\/\/www.esporte.jundiai.sp.gov.br\/\" target=\"_blank\">www.esporte.jundiai.sp.gov.br<\/a>,\u00a0<a rel=\"noreferrer noopener\" href=\"http:\/\/www.idoso.jundiai.sp.gov.br\/\" target=\"_blank\">www.idoso.jundiai.sp.gov.br<\/a>, ou\u00a0<a href=\"https:\/\/forms.gle\/Z9JPiesSZq6NLpR49\">atrav\u00e9s deste link<\/a>.<\/p>\n\n\n\n<figure class=\"wp-block-image size-large\"><img loading=\"lazy\" decoding=\"async\" width=\"1200\" height=\"800\" src=\"https:\/\/tvtecjundiai.com.br\/news\/wp-content\/uploads\/sites\/2\/2022\/09\/liam_gong-33-1200x800.jpg\" alt=\"\" class=\"wp-image-98863\" srcset=\"https:\/\/tvtecjundiai.com.br\/news\/wp-content\/uploads\/sites\/2\/2022\/09\/liam_gong-33-1200x800.jpg 1200w, https:\/\/tvtecjundiai.com.br\/news\/wp-content\/uploads\/sites\/2\/2022\/09\/liam_gong-33-300x200.jpg 300w, https:\/\/tvtecjundiai.com.br\/news\/wp-content\/uploads\/sites\/2\/2022\/09\/liam_gong-33-768x512.jpg 768w, https:\/\/tvtecjundiai.com.br\/news\/wp-content\/uploads\/sites\/2\/2022\/09\/liam_gong-33.jpg 1280w\" sizes=\"auto, (max-width: 1200px) 100vw, 1200px\" \/><\/figure>\n\n\n\n<p>\u201cEstamos muito satisfeitos por proporcionar \u00e0s pessoas idosas, atrav\u00e9s dessa importante parceria,&nbsp; uma atividade como a Yoga, que trabalha o corpo e a mente de forma interligada, trazendo in\u00fameros benef\u00edcios aos praticantes\u201d, afirma o gestor de Esporte e Lazer Luiz Cl\u00e1udio Tarallo.<\/p>\n\n\n\n<p>A retomada dos projetos e propostas s\u00e3o de fundamental import\u00e2ncia para a sa\u00fade f\u00edsica e mental da pessoa idosa. Ap\u00f3s o per\u00edodo pand\u00eamico vimos o aumento nos \u00edndices relacionados aos fatores de isolamento, depress\u00e3o, ansiedade e demais fatores de risco \u00e0 sa\u00fade da pessoa idosa. A proposta de atividades de Yoga e Medita\u00e7\u00e3o, traz in\u00fameros benef\u00edcios nesta perspectiva. Apoiar e incentivar projetos como este, promovem a participa\u00e7\u00e3o, a conviv\u00eancia e contribuem para a melhoria da qualidade de vida dos praticantes, conforme cita a Assessora de Pol\u00edticas P\u00fablicas para o Idoso, Alessandra Citelli.<\/p>\n\n\n\n<p><strong><em>(Fonte\/Imagem: Prefeitura de Jundia\u00ed)<\/em><\/strong><\/p>\n","protected":false},"excerpt":{"rendered":"<p>As inscri\u00e7\u00f5es podem ser feitas de maneira on-line at\u00e9 o dia 5 de outubro<\/p>\n","protected":false},"author":30,"featured_media":98863,"comment_status":"closed","ping_status":"0","sticky":false,"template":"","format":"standard","meta":{"footnotes":""},"categories":[2827,8356,8354,1],"tags":[],"class_list":["post-98862","post","type-post","status-publish","format-standard","has-post-thumbnail","hentry","category-esportes-e-lazer","category-jundiai","category-lazer","category-noticias"],"_links":{"self":[{"href":"https:\/\/tvtecjundiai.com.br\/news\/wp-json\/wp\/v2\/posts\/98862","targetHints":{"allow":["GET"]}}],"collection":[{"href":"https:\/\/tvtecjundiai.com.br\/news\/wp-json\/wp\/v2\/posts"}],"about":[{"href":"https:\/\/tvtecjundiai.com.br\/news\/wp-json\/wp\/v2\/types\/post"}],"author":[{"embeddable":true,"href":"https:\/\/tvtecjundiai.com.br\/news\/wp-json\/wp\/v2\/users\/30"}],"replies":[{"embeddable":true,"href":"https:\/\/tvtecjundiai.com.br\/news\/wp-json\/wp\/v2\/comments?post=98862"}],"version-history":[{"count":1,"href":"https:\/\/tvtecjundiai.com.br\/news\/wp-json\/wp\/v2\/posts\/98862\/revisions"}],"predecessor-version":[{"id":98864,"href":"https:\/\/tvtecjundiai.com.br\/news\/wp-json\/wp\/v2\/posts\/98862\/revisions\/98864"}],"wp:featuredmedia":[{"embeddable":true,"href":"https:\/\/tvtecjundiai.com.br\/news\/wp-json\/wp\/v2\/media\/98863"}],"wp:attachment":[{"href":"https:\/\/tvtecjundiai.com.br\/news\/wp-json\/wp\/v2\/media?parent=98862"}],"wp:term":[{"taxonomy":"category","embeddable":true,"href":"https:\/\/tvtecjundiai.com.br\/news\/wp-json\/wp\/v2\/categories?post=98862"},{"taxonomy":"post_tag","embeddable":true,"href":"https:\/\/tvtecjundiai.com.br\/news\/wp-json\/wp\/v2\/tags?post=98862"}],"curies":[{"name":"wp","href":"https:\/\/api.w.org\/{rel}","templated":true}]}}