{"id":98872,"date":"2022-09-26T14:22:10","date_gmt":"2022-09-26T17:22:10","guid":{"rendered":"https:\/\/tvtecjundiai.com.br\/news\/?p=98872"},"modified":"2022-09-26T14:34:12","modified_gmt":"2022-09-26T17:34:12","slug":"30a-festa-portuguesa-da-paroquia-nossa-senhora-da-conceicao-comeca-neste-fim-de-semana","status":"publish","type":"post","link":"https:\/\/tvtecjundiai.com.br\/news\/2022\/09\/26\/30a-festa-portuguesa-da-paroquia-nossa-senhora-da-conceicao-comeca-neste-fim-de-semana\/","title":{"rendered":"30\u00aa Festa Portuguesa da Par\u00f3quia Nossa Senhora da Concei\u00e7\u00e3o come\u00e7a neste fim de semana"},"content":{"rendered":"\n<p>Est\u00e1 de volta a 30\u00aa Festa Portuguesa da Par\u00f3quia Nossa Senhora da Concei\u00e7\u00e3o, localizada na Vila Arens. O evento acontecer\u00e1 entre os dias 1 e 16 de outubro, sempre aos finais de semana. A novidade \u00e9 a volta do formato presencial, j\u00e1 que nos \u00faltimos dois anos a festa foi sem a presen\u00e7a de p\u00fablico e com a retirada de refei\u00e7\u00f5es no Sal\u00e3o Paroquial e pelo formato drive thru.<\/p>\n\n\n\n<p>O dinheiro arrecadado na festa ser\u00e1 utilizado em obras sociais e a\u00e7\u00f5es evangelizadoras da par\u00f3quia.<\/p>\n\n\n<div class=\"wp-block-image\">\n<figure class=\"aligncenter size-full is-resized\"><img loading=\"lazy\" decoding=\"async\" src=\"https:\/\/tvtecjundiai.com.br\/news\/wp-content\/uploads\/sites\/2\/2022\/09\/festa-portuguesa-jundiai.jpg\" alt=\"\" class=\"wp-image-98875\" width=\"640\" height=\"427\" srcset=\"https:\/\/tvtecjundiai.com.br\/news\/wp-content\/uploads\/sites\/2\/2022\/09\/festa-portuguesa-jundiai.jpg 953w, https:\/\/tvtecjundiai.com.br\/news\/wp-content\/uploads\/sites\/2\/2022\/09\/festa-portuguesa-jundiai-300x201.jpg 300w, https:\/\/tvtecjundiai.com.br\/news\/wp-content\/uploads\/sites\/2\/2022\/09\/festa-portuguesa-jundiai-768x513.jpg 768w\" sizes=\"auto, (max-width: 640px) 100vw, 640px\" \/><\/figure>\n<\/div>\n\n\n<p>A variedade de pratos promete agradar todos os gostos. No card\u00e1pio est\u00e3o os famosos bolinhos de bacalhau, escondidinho e lasanha de bacalhau, frango frito, batata e polenta, past\u00e9is, bavette \u00e0 bolonhesa, lanches, espetinhos, doces portugueses, bebidas e muito mais.<\/p>\n\n\n\n<p>A festa acontece aos s\u00e1bados, das 18h \u00e0s 22h, e aos domingos, das 10h \u00e0s 15h, na Pra\u00e7a Sebasti\u00e3o Pontes, ao lado da Igreja. \u00c9 poss\u00edvel consumir no local ou levar as refei\u00e7\u00f5es para viagem.<\/p>\n\n\n\n<p>A par\u00f3quia Nossa Senhora da Concei\u00e7\u00e3o fica na rua General Carneiro, 106, Vila Arens.<\/p>\n\n\n\n<p><strong>30\u00aa Festa Portuguesa<\/strong><\/p>\n\n\n\n<ul class=\"wp-block-list\"><li><strong>Dias:&nbsp;<\/strong>1, 2, 8, 9, 15 e 16 de outubro<\/li><li><strong>Hor\u00e1rio:&nbsp;<\/strong>Aos s\u00e1bados, das 18h \u00e0s 22h, e aos domingos, das 10h \u00e0s 15h<\/li><li><strong>Local:&nbsp;<\/strong>Pra\u00e7a Sebasti\u00e3o Pontes, ao lado da Igreja<\/li><\/ul>\n\n\n\n<p><em><strong>(Fonte: TVTEC Jundia\u00ed\/Imagem: Divulga\u00e7\u00e3o)<\/strong><\/em><\/p>\n","protected":false},"excerpt":{"rendered":"<p>No card\u00e1pio est\u00e3o os famosos bolinhos de bacalhau, frango frito, batata e polenta e muito mais<\/p>\n","protected":false},"author":30,"featured_media":98875,"comment_status":"closed","ping_status":"0","sticky":false,"template":"","format":"standard","meta":{"footnotes":""},"categories":[6309,8356,8354,1],"tags":[],"class_list":["post-98872","post","type-post","status-publish","format-standard","has-post-thumbnail","hentry","category-gastronomia","category-jundiai","category-lazer","category-noticias"],"_links":{"self":[{"href":"https:\/\/tvtecjundiai.com.br\/news\/wp-json\/wp\/v2\/posts\/98872","targetHints":{"allow":["GET"]}}],"collection":[{"href":"https:\/\/tvtecjundiai.com.br\/news\/wp-json\/wp\/v2\/posts"}],"about":[{"href":"https:\/\/tvtecjundiai.com.br\/news\/wp-json\/wp\/v2\/types\/post"}],"author":[{"embeddable":true,"href":"https:\/\/tvtecjundiai.com.br\/news\/wp-json\/wp\/v2\/users\/30"}],"replies":[{"embeddable":true,"href":"https:\/\/tvtecjundiai.com.br\/news\/wp-json\/wp\/v2\/comments?post=98872"}],"version-history":[{"count":2,"href":"https:\/\/tvtecjundiai.com.br\/news\/wp-json\/wp\/v2\/posts\/98872\/revisions"}],"predecessor-version":[{"id":98876,"href":"https:\/\/tvtecjundiai.com.br\/news\/wp-json\/wp\/v2\/posts\/98872\/revisions\/98876"}],"wp:featuredmedia":[{"embeddable":true,"href":"https:\/\/tvtecjundiai.com.br\/news\/wp-json\/wp\/v2\/media\/98875"}],"wp:attachment":[{"href":"https:\/\/tvtecjundiai.com.br\/news\/wp-json\/wp\/v2\/media?parent=98872"}],"wp:term":[{"taxonomy":"category","embeddable":true,"href":"https:\/\/tvtecjundiai.com.br\/news\/wp-json\/wp\/v2\/categories?post=98872"},{"taxonomy":"post_tag","embeddable":true,"href":"https:\/\/tvtecjundiai.com.br\/news\/wp-json\/wp\/v2\/tags?post=98872"}],"curies":[{"name":"wp","href":"https:\/\/api.w.org\/{rel}","templated":true}]}}