{"id":98877,"date":"2022-09-26T15:18:07","date_gmt":"2022-09-26T18:18:07","guid":{"rendered":"https:\/\/tvtecjundiai.com.br\/news\/?p=98877"},"modified":"2022-09-26T15:18:18","modified_gmt":"2022-09-26T18:18:18","slug":"copa-do-mundo-maxi-shopping-anima-a-criancada-em-outubro","status":"publish","type":"post","link":"https:\/\/tvtecjundiai.com.br\/news\/2022\/09\/26\/copa-do-mundo-maxi-shopping-anima-a-criancada-em-outubro\/","title":{"rendered":"Copa do Mundo: Maxi Shopping anima a crian\u00e7ada em outubro"},"content":{"rendered":"\n<p>At\u00e9 o dia 16 de outubro, todos v\u00e3o vibrar na Maxi Arena, curtindo as atra\u00e7\u00f5es e se preparando para a Copa do Mundo que vem a\u00ed. Diretamente do Qatar, a Pra\u00e7a das Carpas vai se transformar num ambiente l\u00fadico e interativo, convidando pais e filhos para as atividades.<\/p>\n\n\n\n<p>A brincadeira come\u00e7a no pula-pula, em formato de uma grande bola, onde as crian\u00e7as v\u00e3o gastar energia, e continua na mesa de pebolim e no videogame retr\u00f4 com os visitantes mostrando suas habilidades. Depois dessa competi\u00e7\u00e3o, que tal exercitar o chute a gol, no espa\u00e7o especialmente preparado para que a galera mostre que \u00e9 craque de bola?<\/p>\n\n\n<div class=\"wp-block-image\">\n<figure class=\"aligncenter size-large is-resized\"><img loading=\"lazy\" decoding=\"async\" src=\"https:\/\/tvtecjundiai.com.br\/news\/wp-content\/uploads\/sites\/2\/2022\/09\/Maxi-Arena-1-960x960.jpg\" alt=\"\" class=\"wp-image-98879\" width=\"537\" height=\"537\" srcset=\"https:\/\/tvtecjundiai.com.br\/news\/wp-content\/uploads\/sites\/2\/2022\/09\/Maxi-Arena-1-960x960.jpg 960w, https:\/\/tvtecjundiai.com.br\/news\/wp-content\/uploads\/sites\/2\/2022\/09\/Maxi-Arena-1-300x300.jpg 300w, https:\/\/tvtecjundiai.com.br\/news\/wp-content\/uploads\/sites\/2\/2022\/09\/Maxi-Arena-1-100x100.jpg 100w, https:\/\/tvtecjundiai.com.br\/news\/wp-content\/uploads\/sites\/2\/2022\/09\/Maxi-Arena-1-768x768.jpg 768w, https:\/\/tvtecjundiai.com.br\/news\/wp-content\/uploads\/sites\/2\/2022\/09\/Maxi-Arena-1.jpg 1080w\" sizes=\"auto, (max-width: 537px) 100vw, 537px\" \/><\/figure>\n<\/div>\n\n\n<p>Na \u00e1rea retr\u00f4, adultos e crian\u00e7as v\u00e3o conhecer curiosidades sobre a Copa do Mundo e hist\u00f3rias sobre as edi\u00e7\u00f5es anteriores. Para mostrar que est\u00e3o em dia com as informa\u00e7\u00f5es sobre futebol, pais e filhos podem ainda participar de um incr\u00edvel jogo da mem\u00f3ria sobre o tema.<\/p>\n\n\n\n<p>Depois de tanta atividade, chegou a hora de pensar nos adere\u00e7os para torcer e criar uma pulseira de mi\u00e7angas com as cores da sele\u00e7\u00e3o brasileira na oficina de pulseiras e posar para aquela foto ou selfie ao lado da r\u00e9plica da ta\u00e7a da Copa do Mundo.<\/p>\n\n\n<div class=\"wp-block-image\">\n<figure class=\"aligncenter size-full is-resized\"><img loading=\"lazy\" decoding=\"async\" src=\"https:\/\/tvtecjundiai.com.br\/news\/wp-content\/uploads\/sites\/2\/2022\/09\/Maxi-Arena-5.jpg\" alt=\"\" class=\"wp-image-98878\" width=\"544\" height=\"544\" srcset=\"https:\/\/tvtecjundiai.com.br\/news\/wp-content\/uploads\/sites\/2\/2022\/09\/Maxi-Arena-5.jpg 658w, https:\/\/tvtecjundiai.com.br\/news\/wp-content\/uploads\/sites\/2\/2022\/09\/Maxi-Arena-5-300x300.jpg 300w, https:\/\/tvtecjundiai.com.br\/news\/wp-content\/uploads\/sites\/2\/2022\/09\/Maxi-Arena-5-100x100.jpg 100w\" sizes=\"auto, (max-width: 544px) 100vw, 544px\" \/><\/figure>\n<\/div>\n\n\n<p>A Maxi Arena espera voc\u00ea e sua fam\u00edlia para muita divers\u00e3o. E j\u00e1 que o assunto \u00e9 Copa do Mundo, o Maxi Shopping est\u00e1 com um espa\u00e7o especialmente reservado para quem deseja trocar figurinhas e completar o \u00e1lbum da Copa (no Piso 1 \u2013 Pr\u00f3ximo \u00e0 Pra\u00e7a das Bandeiras). Como sempre tem aquelas figurinhas que se repetem e as dif\u00edceis de conseguir, legal \u00e9 trocar e fazer novas amizades.<\/p>\n\n\n\n<p><strong>Maxi Arena &#8211; Evento gratuito<br><\/strong>At\u00e9 16 de outubro<br><strong>Local:<\/strong> Pra\u00e7a das Carpas do Maxi Shopping Jundia\u00ed \u2013 Av. Ant\u00f4nio Frederico Ozanan, 6000 \u2013 Vila Rio Branco<br><strong>Hor\u00e1rios: <\/strong>De domingo a sexta-feira \u2013 das 14h \u00e0s 19h40; aos s\u00e1bados \u2013 das 12h \u00e0s 19h40<\/p>\n\n\n\n<p><em><strong>(Fonte\/Imagens: SG Assessoria em Comunica\u00e7\u00e3o)<\/strong><\/em><\/p>\n","protected":false},"excerpt":{"rendered":"<p>Ambiente l\u00fadico e interativo convida pais e filhos para as atividades<\/p>\n","protected":false},"author":30,"featured_media":98880,"comment_status":"closed","ping_status":"0","sticky":false,"template":"","format":"standard","meta":{"footnotes":""},"categories":[8356,8354,1],"tags":[],"class_list":["post-98877","post","type-post","status-publish","format-standard","has-post-thumbnail","hentry","category-jundiai","category-lazer","category-noticias"],"_links":{"self":[{"href":"https:\/\/tvtecjundiai.com.br\/news\/wp-json\/wp\/v2\/posts\/98877","targetHints":{"allow":["GET"]}}],"collection":[{"href":"https:\/\/tvtecjundiai.com.br\/news\/wp-json\/wp\/v2\/posts"}],"about":[{"href":"https:\/\/tvtecjundiai.com.br\/news\/wp-json\/wp\/v2\/types\/post"}],"author":[{"embeddable":true,"href":"https:\/\/tvtecjundiai.com.br\/news\/wp-json\/wp\/v2\/users\/30"}],"replies":[{"embeddable":true,"href":"https:\/\/tvtecjundiai.com.br\/news\/wp-json\/wp\/v2\/comments?post=98877"}],"version-history":[{"count":1,"href":"https:\/\/tvtecjundiai.com.br\/news\/wp-json\/wp\/v2\/posts\/98877\/revisions"}],"predecessor-version":[{"id":98881,"href":"https:\/\/tvtecjundiai.com.br\/news\/wp-json\/wp\/v2\/posts\/98877\/revisions\/98881"}],"wp:featuredmedia":[{"embeddable":true,"href":"https:\/\/tvtecjundiai.com.br\/news\/wp-json\/wp\/v2\/media\/98880"}],"wp:attachment":[{"href":"https:\/\/tvtecjundiai.com.br\/news\/wp-json\/wp\/v2\/media?parent=98877"}],"wp:term":[{"taxonomy":"category","embeddable":true,"href":"https:\/\/tvtecjundiai.com.br\/news\/wp-json\/wp\/v2\/categories?post=98877"},{"taxonomy":"post_tag","embeddable":true,"href":"https:\/\/tvtecjundiai.com.br\/news\/wp-json\/wp\/v2\/tags?post=98877"}],"curies":[{"name":"wp","href":"https:\/\/api.w.org\/{rel}","templated":true}]}}