{"id":98891,"date":"2022-09-26T16:49:45","date_gmt":"2022-09-26T19:49:45","guid":{"rendered":"https:\/\/tvtecjundiai.com.br\/news\/?p=98891"},"modified":"2022-09-26T16:49:50","modified_gmt":"2022-09-26T19:49:50","slug":"unidade-de-gestao-de-promocao-da-saude-realiza-audiencia-publica-na-proxima-quinta-29","status":"publish","type":"post","link":"https:\/\/tvtecjundiai.com.br\/news\/2022\/09\/26\/unidade-de-gestao-de-promocao-da-saude-realiza-audiencia-publica-na-proxima-quinta-29\/","title":{"rendered":"Unidade de Gest\u00e3o de Promo\u00e7\u00e3o da Sa\u00fade realiza audi\u00eancia p\u00fablica na pr\u00f3xima quinta (29)"},"content":{"rendered":"\n<p>A Unidade de Gest\u00e3o de Promo\u00e7\u00e3o da Sa\u00fade (UGPS) realiza na pr\u00f3xima quinta-feira (29), \u00e0s 9h, audi\u00eancia p\u00fablica para presta\u00e7\u00e3o de contas referente ao segundo quadrimestre de 2022, em atendimento \u00e0 exig\u00eancia da Lei de Responsabilidade Fiscal (LRF).<\/p>\n\n\n\n<p>Devido \u00e0 reforma do Plen\u00e1rio da C\u00e2mara Municipal, a apresenta\u00e7\u00e3o poder\u00e1 ser acompanhada, ao vivo, pela TV C\u00e2mara (canal 4 da NET e canal 12.2UHF), al\u00e9m dos canais do Facebook e Youtube da C\u00e2mara Municipal.<\/p>\n\n\n\n<p>\u201cVamos apresentar aos legisladores e \u00e0 popula\u00e7\u00e3o toda a produtividade da Sa\u00fade P\u00fablica de Jundia\u00ed, destacando os avan\u00e7os da \u00e1rea\u201d, informa o gestor de Promo\u00e7\u00e3o da Saude, Tiago Texera.<\/p>\n\n\n\n<p><strong><em>(Fonte\/Imagem: Prefeitura de Jundia\u00ed)<\/em><\/strong><\/p>\n","protected":false},"excerpt":{"rendered":"<p>A apresenta\u00e7\u00e3o poder\u00e1 ser acompanhada, ao vivo, pela TV C\u00e2mara.<\/p>\n","protected":false},"author":27,"featured_media":98892,"comment_status":"closed","ping_status":"0","sticky":false,"template":"","format":"standard","meta":{"footnotes":""},"categories":[8356],"tags":[],"class_list":["post-98891","post","type-post","status-publish","format-standard","has-post-thumbnail","hentry","category-jundiai"],"_links":{"self":[{"href":"https:\/\/tvtecjundiai.com.br\/news\/wp-json\/wp\/v2\/posts\/98891","targetHints":{"allow":["GET"]}}],"collection":[{"href":"https:\/\/tvtecjundiai.com.br\/news\/wp-json\/wp\/v2\/posts"}],"about":[{"href":"https:\/\/tvtecjundiai.com.br\/news\/wp-json\/wp\/v2\/types\/post"}],"author":[{"embeddable":true,"href":"https:\/\/tvtecjundiai.com.br\/news\/wp-json\/wp\/v2\/users\/27"}],"replies":[{"embeddable":true,"href":"https:\/\/tvtecjundiai.com.br\/news\/wp-json\/wp\/v2\/comments?post=98891"}],"version-history":[{"count":1,"href":"https:\/\/tvtecjundiai.com.br\/news\/wp-json\/wp\/v2\/posts\/98891\/revisions"}],"predecessor-version":[{"id":98893,"href":"https:\/\/tvtecjundiai.com.br\/news\/wp-json\/wp\/v2\/posts\/98891\/revisions\/98893"}],"wp:featuredmedia":[{"embeddable":true,"href":"https:\/\/tvtecjundiai.com.br\/news\/wp-json\/wp\/v2\/media\/98892"}],"wp:attachment":[{"href":"https:\/\/tvtecjundiai.com.br\/news\/wp-json\/wp\/v2\/media?parent=98891"}],"wp:term":[{"taxonomy":"category","embeddable":true,"href":"https:\/\/tvtecjundiai.com.br\/news\/wp-json\/wp\/v2\/categories?post=98891"},{"taxonomy":"post_tag","embeddable":true,"href":"https:\/\/tvtecjundiai.com.br\/news\/wp-json\/wp\/v2\/tags?post=98891"}],"curies":[{"name":"wp","href":"https:\/\/api.w.org\/{rel}","templated":true}]}}