{"id":98949,"date":"2022-09-27T17:03:25","date_gmt":"2022-09-27T20:03:25","guid":{"rendered":"https:\/\/tvtecjundiai.com.br\/news\/?p=98949"},"modified":"2022-09-27T17:03:32","modified_gmt":"2022-09-27T20:03:32","slug":"abastecimento-promove-a-feira-do-produtor-no-paco-nesta-quarta-feira-28","status":"publish","type":"post","link":"https:\/\/tvtecjundiai.com.br\/news\/2022\/09\/27\/abastecimento-promove-a-feira-do-produtor-no-paco-nesta-quarta-feira-28\/","title":{"rendered":"Abastecimento promove a feira do Produtor no Pa\u00e7o nesta quarta-feira (28)"},"content":{"rendered":"\n<p>A Unidade de Gest\u00e3o de Agroneg\u00f3cio, Abastecimento e Turismo (UGAAT), por meio do Departamento de Abastecimento, promove, nesta quarta-feira (28), das 10h \u00e0s 17h30, mais uma edi\u00e7\u00e3o do Produtor no Pa\u00e7o, que oferece aos servidores e visitantes do Pa\u00e7o Municipal, produtos frescos direto do produtor rural.<\/p>\n\n\n\n<p>A Feira do Produtor visa facilitar o escoamento da produ\u00e7\u00e3o e promover a venda direta ao consumidor. \u201cS\u00e3o oferecidos produtos de qualidade, que beneficiam tanto os produtores como os consumidores\u201d, explica o gestor da UGAAT, Eduardo Alvarez.<\/p>\n\n\n\n<p>O Produtor no Pa\u00e7o \u00e9 realizado no t\u00e9rreo do Pa\u00e7o Municipal. Os servidores e visitantes poder\u00e3o comprar itens como verduras, frutas, legumes, granolas, cogumelos e produtos com o Selo de Inspe\u00e7\u00e3o Municipal (SIM) como pescados, mel e produtos c\u00e1rneos.<\/p>\n\n\n\n<p>\u201cAt\u00e9 o final do ano, mais tr\u00eas edi\u00e7\u00f5es ser\u00e3o realizadas, nos dias 19 de outubro, 23 de novembro e 16 de dezembro\u201d comenta a Diretora Georgea Casoti.<\/p>\n\n\n\n<figure class=\"wp-block-image\"><img decoding=\"async\" src=\"https:\/\/jundiai.sp.gov.br\/noticias\/wp-content\/uploads\/sites\/32\/2022\/09\/produtor-do-paco.jpg\" alt=\"Foto da \u00faltima feira do produtor rural, que acontece mensalmente do Pa\u00e7o Municipal\" class=\"wp-image-302315\" \/><figcaption>Feira do produtor rural acontece mensalmente do Pa\u00e7o Municipal<\/figcaption><\/figure>\n\n\n\n<p><strong><em>(Fonte\/Imagem: Prefeitura de Jundai\u00ed)<\/em><\/strong><\/p>\n","protected":false},"excerpt":{"rendered":"<p>A Feira do Produtor visa facilitar o escoamento da produ\u00e7\u00e3o e promover a venda direta ao consumidor. <\/p>\n","protected":false},"author":27,"featured_media":98950,"comment_status":"closed","ping_status":"0","sticky":false,"template":"","format":"standard","meta":{"footnotes":""},"categories":[8356],"tags":[],"class_list":["post-98949","post","type-post","status-publish","format-standard","has-post-thumbnail","hentry","category-jundiai"],"_links":{"self":[{"href":"https:\/\/tvtecjundiai.com.br\/news\/wp-json\/wp\/v2\/posts\/98949","targetHints":{"allow":["GET"]}}],"collection":[{"href":"https:\/\/tvtecjundiai.com.br\/news\/wp-json\/wp\/v2\/posts"}],"about":[{"href":"https:\/\/tvtecjundiai.com.br\/news\/wp-json\/wp\/v2\/types\/post"}],"author":[{"embeddable":true,"href":"https:\/\/tvtecjundiai.com.br\/news\/wp-json\/wp\/v2\/users\/27"}],"replies":[{"embeddable":true,"href":"https:\/\/tvtecjundiai.com.br\/news\/wp-json\/wp\/v2\/comments?post=98949"}],"version-history":[{"count":1,"href":"https:\/\/tvtecjundiai.com.br\/news\/wp-json\/wp\/v2\/posts\/98949\/revisions"}],"predecessor-version":[{"id":98951,"href":"https:\/\/tvtecjundiai.com.br\/news\/wp-json\/wp\/v2\/posts\/98949\/revisions\/98951"}],"wp:featuredmedia":[{"embeddable":true,"href":"https:\/\/tvtecjundiai.com.br\/news\/wp-json\/wp\/v2\/media\/98950"}],"wp:attachment":[{"href":"https:\/\/tvtecjundiai.com.br\/news\/wp-json\/wp\/v2\/media?parent=98949"}],"wp:term":[{"taxonomy":"category","embeddable":true,"href":"https:\/\/tvtecjundiai.com.br\/news\/wp-json\/wp\/v2\/categories?post=98949"},{"taxonomy":"post_tag","embeddable":true,"href":"https:\/\/tvtecjundiai.com.br\/news\/wp-json\/wp\/v2\/tags?post=98949"}],"curies":[{"name":"wp","href":"https:\/\/api.w.org\/{rel}","templated":true}]}}